{"id":1677,"date":"2024-07-29T11:52:06","date_gmt":"2024-07-29T14:52:06","guid":{"rendered":"https:\/\/impactodenoticias.com.ar\/?p=1677"},"modified":"2024-07-29T11:52:11","modified_gmt":"2024-07-29T14:52:11","slug":"entre-rios-se-merece-un-equipo-economico-serio-y-profesional-expreso-michel","status":"publish","type":"post","link":"https:\/\/impactodenoticias.com.ar\/?p=1677","title":{"rendered":"\u201cEntre R\u00edos se merece un equipo econ\u00f3mico serio y profesional\u201d, expres\u00f3 Michel"},"content":{"rendered":"\n<p><strong>El ex titular de Aduanas cuestion\u00f3 las explicaciones que brind\u00f3 el secretario de Presupuesto y Finanzas, Uriel Brupbacher, sobre la cancelaci\u00f3n del segundo vencimiento del a\u00f1o de la deuda de 65 millones de d\u00f3lares que debe desembolsar.<\/strong><\/p>\n\n\n\n<p>El ex Director de Aduanas, Guillermo Michel, asegur\u00f3 que \u201ceste domingo el secretario de Presupuesto y Finanzas de Entre R\u00edos -segundo en el Ministerio de Hacienda- dio una entrevista a un medio local que resulta destacable observar. No por cuestiones positivas, sino por el nivel de improvisaci\u00f3n y falta de conceptos t\u00e9cnicos conceptuales a la hora de detallar la gesti\u00f3n econ\u00f3mica de la Provincia\u201d.<\/p>\n\n\n\n<p>Michel hizo un pormenorizado an\u00e1lisis de algunos de los conceptos que el funcionario anunci\u00f3 sobre el pago de la deuda: \u201cEstas son siete de algunas de las frases destacables de la nota indicada que no resultan propias de un funcionario con un m\u00ednimo grado de profesionalismo\u201d, se\u00f1al\u00f3 el ex Director de Aduanas.<\/p>\n\n\n\n<p><strong>A continuaci\u00f3n, las frases y  la cr\u00edtica de Michel:<\/strong><\/p>\n\n\n\n<p>? \u201cNo es que tomamos una deuda para esto o aquello, sino que nos manejamos con todas las herramientas que nos d\u00e9 el mercado\u201d.<\/p>\n\n\n\n<p>GM No se toma una deuda \u201cpara esto o aquello\u201d. No sabemos qu\u00e9 es esto o aquello, pero los entrerrianos vamos a seguir endeud\u00e1ndonos nos avisa el equipo econ\u00f3mico.<\/p>\n\n\n\n<p>? \u201cLa renegociaci\u00f3n de este compromiso con acreedores externos se dar\u00e1 \u201ccuando la macro mejore y el posicionamiento del pa\u00eds en los mercados internacionales tenga otra perspectiva\u201d.<\/p>\n\n\n\n<p>GM Para el equipo econ\u00f3mico, cuando la macro mejore veremos c\u00f3mo sigue la deuda de Entre R\u00edos. Es decir que no tienen el m\u00ednimo grado de previsi\u00f3n macroecon\u00f3mica de lo que viene para el pa\u00eds. El nivel de riesgo soberano, el nivel de acumulaci\u00f3n de reservas, o alguna otra variante. Veremos cuando la macro mejore\u2026<\/p>\n\n\n\n<p>? \u201cRespecto de las variables macro que dependen de la gesti\u00f3n de Javier Milei se\u00f1al\u00f3 que est\u00e1n en peores condiciones a las previstas, por lo cual es m\u00e1s conveniente honrar el acuerdo vigente. \u201cSentarse a negociar con peores cl\u00e1usulas no tiene sentido. Es preferible hacer el esfuerzo, pagar y por lo menos evaluar en febrero qu\u00e9 es lo que el mercado acepta\u201d.<\/p>\n\n\n\n<p>GM El equipo econ\u00f3mico nos pide que los entrerrianos hagamos un esfuerzo, paguemos y nos vemos en febrero. Muy \u201cprofesional\u201d la proyecci\u00f3n que tienen.<\/p>\n\n\n\n<p>? Respecto a la emisi\u00f3n de Letras ER 2024, aclar\u00f3: \u201cHan salido varias provincias a colocar Letras y sinceramente con muy poco \u00e9xito. No son atractivos para el mercado. No tiene sentido que salgamos, pero s\u00ed hay que tenerlas por las dudas. Ante la situaci\u00f3n compleja del pa\u00eds no podemos ser ajenos; el desacople financiero puede venir en cualquier momento, entonces ten\u00e9s que tenerlas. Pero no es para utilizarlas\u201d.<\/p>\n\n\n\n<p>GM Tambi\u00e9n el equipo econ\u00f3mico nos dice que la provincia se tiene que endeudar con Letras ER 2024 (DECRETO 1.676\/2024) en hasta Ochenta y Cuatro Mil Ciento Ochenta Millones Cuatrocientos Cuarenta y Ocho Mil Seiscientos pesos ($ 84.180.448.600) y\/o su equivalente en d\u00f3lares estadounidenses y\/o cualquier otra moneda extranjera por las dudas, porque el desacople financiero puede venir en cualquier momento, entonces ten\u00e9s que tenerlas.<\/p>\n\n\n\n<p>? \u201cEn relaci\u00f3n a los sueldos a t\u00e9rmino y el supuesto descalce financiero, valor\u00f3 el esfuerzo: \u201cUna cosa es tener el cronograma de pagos y estirarlo en diez d\u00edas, que quiz\u00e1 se llega a pagar con la recaudaci\u00f3n o lo que ingresa de coparticipaci\u00f3n, pero para no afectar a quienes tienen que pagar el alquiler o le vence la tarjeta de cr\u00e9dito, lo calzamos en seis d\u00edas y tiene su costo\u201d.<\/p>\n\n\n\n<p>GM El cash flow financiero de la provincia que administra el gabinete econ\u00f3mico es \u2013m\u00e1s o menos, parafraseando al funcionario- as\u00ed: un cronograma que los estiramos diez d\u00edas, que quiz\u00e1s se llega a pagar con la recaudaci\u00f3n o la coparticipaci\u00f3n pero que a algunos (\u00bf?) se lo calzan en seis d\u00edas.<\/p>\n\n\n\n<p>? \u201cRespecto a la proyecci\u00f3n de ingresos y gastos, para el funcionario es dif\u00edcil proyectar cu\u00e1ndo se terminar\u00e1n de calzar los ingresos y gastos del pa\u00eds por un problema a\u00fan m\u00e1s grave: \u201cSe est\u00e1 desplomando m\u00e1s que la recaudaci\u00f3n propia, la coparticipaci\u00f3n en hasta un 20%. Es muy dif\u00edcil proyectar porque va atado a la recaudaci\u00f3n nacional. Sabemos que la econom\u00eda no ha arrancado, que sigue muy compleja. Estamos cerca de alcanzar el equilibrio, pero esto puede variar, por lo cual no lo puedo asegurar\u201d, sostuvo.<\/p>\n\n\n\n<p>GM Es decir, que solo sabemos que se desploman los ingresos de coparticipaci\u00f3n, que la econom\u00eda no arranc\u00f3, y que no nos pueden asegurar cu\u00e1ndo tendremos equilibrio. Un presupuesto proyectado no propio de una provincia sino de un almac\u00e9n de barrio (con respeto a todos los comerciantes minoristas de la provincia).<\/p>\n\n\n\n<p>? Respecto al contexto nacional y de la recaudaci\u00f3n se\u00f1al\u00f3: \u201cSomos cautos. Por eso tambi\u00e9n las curvas de inversi\u00f3n son hasta lastimosas porque son muy chatas, de muy poca inversi\u00f3n. Preferimos eso y aprovechar si se genera un colch\u00f3n. Es mucho m\u00e1s f\u00e1cil decirle a una empresa, con cursas de inversi\u00f3n baja, que paren 15 d\u00edas y retomamos luego y no llegar a un cuello de botella sin pagar y neutralizar las obras por meses como sucedi\u00f3. Eso es mucho m\u00e1s costoso para las empresas y genera gastos improductivos m\u00e1s altos. Vamos soltando dinero a medida que va entrando\u201d.<\/p>\n\n\n\n<p>GM Una frase define el nivel de improvisaci\u00f3n: \u201cVamos soltando dinero a medida que va entrando\u201d, subray\u00f3.<\/p>\n\n\n\n<p>GM \u201cEl nivel de improvisaci\u00f3n y falta de profesionalismo a la hora de hablar de las finanzas de nuestra provincia es llamativo. La falta de seriedad de los funcionarios del Ministerio de Hacienda para comunicar un tema tan serio como es lo referido a las finanzas provinciales solo genera incertidumbre en los entrerrianos y en los inversores locales y externos\u201d, sostuvo el ex funcionario nacional.<\/p>\n\n\n\n<p>GM \u201cEn igual sentido, el gabinete de Hacienda deber\u00eda informarle m\u00e1s seguido al Gobernador lo ca\u00f3tico que est\u00e1 viendo la macro nacional, el nivel de actividad y los recursos nacionales. Leyendo el an\u00e1lisis que el equipo econ\u00f3mico provincial hace de la situaci\u00f3n econ\u00f3mica nacional, resulta dif\u00edcil entender por qu\u00e9 se acompa\u00f1an -sin discusi\u00f3n alguna- todas las medidas del gobierno nacional que llevan a esta situaci\u00f3n\u201d, sostuvo Michel.<\/p>\n\n\n\n<p>\u201cEl Gobernador es un economista formado, que ha administrado recursos y gastos; no puede admitir este nivel de amateurismo en su gabinete\u201d, concluy\u00f3 Michel.<\/p>\n","protected":false},"excerpt":{"rendered":"<p>El ex titular de Aduanas cuestion&oacute; las explicaciones que brind&oacute; el secretario de Presupuesto y Finanzas, Uriel Brupbacher, sobre la cancelaci&oacute;n del segundo vencimiento del a&ntilde;o de la deuda de 65 millones de d&oacute;lares que debe desembolsar. El ex Director de Aduanas, Guillermo Michel, asegur&oacute; que &ldquo;este domingo el secretario de Presupuesto y Finanzas de [&hellip;]<\/p>\n","protected":false},"author":2,"featured_media":1678,"comment_status":"open","ping_status":"open","sticky":false,"template":"","format":"standard","meta":{"footnotes":""},"categories":[11,4],"tags":[46,39,347],"class_list":["post-1677","post","type-post","status-publish","format-standard","has-post-thumbnail","hentry","category-politica","category-provinciales","tag-guillermo-michel","tag-rogelio-frigerio","tag-uriel-brupbacher"],"_links":{"self":[{"href":"https:\/\/impactodenoticias.com.ar\/index.php?rest_route=\/wp\/v2\/posts\/1677","targetHints":{"allow":["GET"]}}],"collection":[{"href":"https:\/\/impactodenoticias.com.ar\/index.php?rest_route=\/wp\/v2\/posts"}],"about":[{"href":"https:\/\/impactodenoticias.com.ar\/index.php?rest_route=\/wp\/v2\/types\/post"}],"author":[{"embeddable":true,"href":"https:\/\/impactodenoticias.com.ar\/index.php?rest_route=\/wp\/v2\/users\/2"}],"replies":[{"embeddable":true,"href":"https:\/\/impactodenoticias.com.ar\/index.php?rest_route=%2Fwp%2Fv2%2Fcomments&post=1677"}],"version-history":[{"count":1,"href":"https:\/\/impactodenoticias.com.ar\/index.php?rest_route=\/wp\/v2\/posts\/1677\/revisions"}],"predecessor-version":[{"id":1679,"href":"https:\/\/impactodenoticias.com.ar\/index.php?rest_route=\/wp\/v2\/posts\/1677\/revisions\/1679"}],"wp:featuredmedia":[{"embeddable":true,"href":"https:\/\/impactodenoticias.com.ar\/index.php?rest_route=\/wp\/v2\/media\/1678"}],"wp:attachment":[{"href":"https:\/\/impactodenoticias.com.ar\/index.php?rest_route=%2Fwp%2Fv2%2Fmedia&parent=1677"}],"wp:term":[{"taxonomy":"category","embeddable":true,"href":"https:\/\/impactodenoticias.com.ar\/index.php?rest_route=%2Fwp%2Fv2%2Fcategories&post=1677"},{"taxonomy":"post_tag","embeddable":true,"href":"https:\/\/impactodenoticias.com.ar\/index.php?rest_route=%2Fwp%2Fv2%2Ftags&post=1677"}],"curies":[{"name":"wp","href":"https:\/\/api.w.org\/{rel}","templated":true}]}}