{"id":1680,"date":"2024-07-29T12:03:37","date_gmt":"2024-07-29T15:03:37","guid":{"rendered":"https:\/\/impactodenoticias.com.ar\/?p=1680"},"modified":"2024-07-29T12:03:38","modified_gmt":"2024-07-29T15:03:38","slug":"la-camara-entrerriana-de-turismo-preocupada-por-las-bajas-cifras-de-la-temporada-de-invierno-en-la-provincia","status":"publish","type":"post","link":"https:\/\/impactodenoticias.com.ar\/?p=1680","title":{"rendered":"La C\u00e1mara Entrerriana de Turismo preocupada por las bajas cifras de la temporada de invierno en la provincia"},"content":{"rendered":"\n<p><strong>\u201cEl panorama incierto del turismo nacional afect\u00f3 a Entre R\u00edos\u201d, destacaron desde la entidad y adem\u00e1s informaron que la temporada de invierno cerr\u00f3 con una ocupaci\u00f3n del 53%, \u201cmuy por debajo de lo que el sector tur\u00edstico provincial necesitaba para subsistir los pr\u00f3ximos meses\u201d.<\/strong><\/p>\n\n\n\n<p>\u201cTal como ven\u00edamos avizorando, la temporada de invierno en Entre R\u00edos no fue la esperada. A la falta de dinero circulante se debi\u00f3 sumar la incertidumbre que reina en el ciudadano argentino, producto de la situaci\u00f3n econ\u00f3mica general del pa\u00eds\u201d, expresaron desde la C\u00e1mara Entrerriana de Turismo (CET).<\/p>\n\n\n\n<p>\u201cSi bien el \u00faltimo fin de semana largo de junio, con una ocupaci\u00f3n del 87%, auguraba un resultado mejor, debimos conformarnos con un 53%, muy por debajo de lo que el sector tur\u00edstico provincial necesitaba para subsistir los pr\u00f3ximos meses, habida cuenta que el fin de semana largo m\u00e1s cercano est\u00e1 previsto para el mes de octubre\u201d, a\u00f1adieron desde la entidad y se\u00f1alaron que \u201ctambi\u00e9n fueron negativas las noches de pernocte, un condimento que le saca a\u00fan m\u00e1s el sabor de continuar apostando a generar empleo, arriesgar inversi\u00f3n, ya que lo estimado para esta \u00e9poca del a\u00f1o es que el promedio sea superior a las 4 noches, y el an\u00e1lisis realizado por el sector privado da cuenta que fue, en promedio, de 2,9 noches\u201d.<\/p>\n\n\n\n<p>Y agregaron: \u201cSin lugar a dudas, no escapamos de la realidad que est\u00e1 atravesando el turismo de la Rep\u00fablica Argentina donde, salvo lugares puntuales, como Patagonia en su extensi\u00f3n y Puerto Iguaz\u00fa, los dem\u00e1s destinos nacionales quedamos con un sabor amargo\u201d, sostuvo la C\u00e1mara y expuso que \u201ctambi\u00e9n se pudo medir una baja considerable en los consumos en gastronom\u00eda y en la venta de productos regionales, baja que redujo el gasto per c\u00e1pita a $47.850, haciendo que la rentabilidad sea casi nula\u201d.<\/p>\n\n\n\n<p>En un documento, la CET remarc\u00f3: \u201cEn un an\u00e1lisis profundo, estimamos necesario instar al Estado provincial a reforzar las tareas de promoci\u00f3n y comunicaci\u00f3n, destinando mayores recursos econ\u00f3micos a la Secretar\u00eda de Turismo y acelerando el tratamiento y aprobaci\u00f3n de la Ley que permitir\u00e1 la creaci\u00f3n del Ente Mixto de Turismo provincial, herramienta clave para dar el gran salto que nuestra provincia se merece y necesita\u201d.<\/p>\n\n\n\n<p>La CET finaliz\u00f3 se\u00f1alando: \u201cTodo el arco pol\u00edtico conoce nuestra actividad, sabe que es la primera que se resiente ante la adversidad, como tambi\u00e9n que es la \u00faltima actividad que se reactiva, pero sin duda es la actividad econ\u00f3mica que m\u00e1s r\u00e1pido se recupera, y muestra esplendor por su transversalidad en redes comerciales, en inversiones de infraestructura, genera mano de obra calificada\u2026 y que a pesar de no tener buenas rutas, escasa conectividad a\u00e9rea, servicios costosos y mayormente deficientes, seguimos seduciendo a los visitantes por la calidez, el trato de nuestra gente y la generosidad de la naturaleza\u201d.<\/p>\n","protected":false},"excerpt":{"rendered":"<p>&ldquo;El panorama incierto del turismo nacional afect&oacute; a Entre R&iacute;os&rdquo;, destacaron desde la entidad y adem&aacute;s informaron que la temporada de invierno cerr&oacute; con una ocupaci&oacute;n del 53%, &ldquo;muy por debajo de lo que el sector tur&iacute;stico provincial necesitaba para subsistir los pr&oacute;ximos meses&rdquo;. &ldquo;Tal como ven&iacute;amos avizorando, la temporada de invierno en Entre R&iacute;os [&hellip;]<\/p>\n","protected":false},"author":2,"featured_media":1681,"comment_status":"open","ping_status":"open","sticky":false,"template":"","format":"standard","meta":{"footnotes":""},"categories":[4,49],"tags":[849,33,851,850],"class_list":["post-1680","post","type-post","status-publish","format-standard","has-post-thumbnail","hentry","category-provinciales","category-sociedad","tag-cet","tag-entre-rios","tag-preocupacion","tag-turismo"],"_links":{"self":[{"href":"https:\/\/impactodenoticias.com.ar\/index.php?rest_route=\/wp\/v2\/posts\/1680","targetHints":{"allow":["GET"]}}],"collection":[{"href":"https:\/\/impactodenoticias.com.ar\/index.php?rest_route=\/wp\/v2\/posts"}],"about":[{"href":"https:\/\/impactodenoticias.com.ar\/index.php?rest_route=\/wp\/v2\/types\/post"}],"author":[{"embeddable":true,"href":"https:\/\/impactodenoticias.com.ar\/index.php?rest_route=\/wp\/v2\/users\/2"}],"replies":[{"embeddable":true,"href":"https:\/\/impactodenoticias.com.ar\/index.php?rest_route=%2Fwp%2Fv2%2Fcomments&post=1680"}],"version-history":[{"count":1,"href":"https:\/\/impactodenoticias.com.ar\/index.php?rest_route=\/wp\/v2\/posts\/1680\/revisions"}],"predecessor-version":[{"id":1682,"href":"https:\/\/impactodenoticias.com.ar\/index.php?rest_route=\/wp\/v2\/posts\/1680\/revisions\/1682"}],"wp:featuredmedia":[{"embeddable":true,"href":"https:\/\/impactodenoticias.com.ar\/index.php?rest_route=\/wp\/v2\/media\/1681"}],"wp:attachment":[{"href":"https:\/\/impactodenoticias.com.ar\/index.php?rest_route=%2Fwp%2Fv2%2Fmedia&parent=1680"}],"wp:term":[{"taxonomy":"category","embeddable":true,"href":"https:\/\/impactodenoticias.com.ar\/index.php?rest_route=%2Fwp%2Fv2%2Fcategories&post=1680"},{"taxonomy":"post_tag","embeddable":true,"href":"https:\/\/impactodenoticias.com.ar\/index.php?rest_route=%2Fwp%2Fv2%2Ftags&post=1680"}],"curies":[{"name":"wp","href":"https:\/\/api.w.org\/{rel}","templated":true}]}}