{"id":1701,"date":"2024-07-29T17:25:07","date_gmt":"2024-07-29T20:25:07","guid":{"rendered":"https:\/\/impactodenoticias.com.ar\/?p=1701"},"modified":"2024-07-29T17:25:14","modified_gmt":"2024-07-29T20:25:14","slug":"la-pena-de-invierno-animo-la-tarde-en-el-puerto-nuevo-de-parana","status":"publish","type":"post","link":"https:\/\/impactodenoticias.com.ar\/?p=1701","title":{"rendered":"La Pe\u00f1a de Invierno anim\u00f3 la tarde en el Puerto Nuevo de Paran\u00e1"},"content":{"rendered":"\n<p><strong>Paranaenses y ocasional turistas, disfrutaron de los recitales que brindaron m\u00fasicos locales. Fue organizado por la Municipalidad de Paran\u00e1 en la explanada de la Sala Mayo. La actividad fue libre y gratuita.<\/strong><\/p>\n\n\n\n<p>El p\u00fablico se acerc\u00f3 con reposeras y mates para vivir la soleada tarde en el Puerto Nuevo y los conciertos de Mar\u00eda Silva, Martino Guti\u00e9rrez Bilat, Bernardita Guit\u00e9rrez y Juan Manuel Bilat.<\/p>\n\n\n\n<p>El subsecretario de Cultura, Joaqu\u00edn Arij\u00f3n, manifest\u00f3: \u201cEl Estado municipal acompa\u00f1a estos procesos y el folclore con identidad. Est\u00e1 bueno que la cultura sea accesible para que los vecinos puedan disfrutar de nuestros artistas\u201d.<\/p>\n\n\n\n<p><\/p>\n\n\n\n<figure class=\"wp-block-image size-large\"><img loading=\"lazy\" decoding=\"async\" width=\"1024\" height=\"682\" src=\"https:\/\/impactodenoticias.com.ar\/wp-content\/uploads\/2024\/07\/1722254034_dc69a3c75d90b81ddb84-1024x682.jpeg\" alt=\"\" class=\"wp-image-1702\" srcset=\"https:\/\/impactodenoticias.com.ar\/wp-content\/uploads\/2024\/07\/1722254034_dc69a3c75d90b81ddb84-1024x682.jpeg 1024w, https:\/\/impactodenoticias.com.ar\/wp-content\/uploads\/2024\/07\/1722254034_dc69a3c75d90b81ddb84-300x200.jpeg 300w, https:\/\/impactodenoticias.com.ar\/wp-content\/uploads\/2024\/07\/1722254034_dc69a3c75d90b81ddb84-768x512.jpeg 768w, https:\/\/impactodenoticias.com.ar\/wp-content\/uploads\/2024\/07\/1722254034_dc69a3c75d90b81ddb84.jpeg 1280w\" sizes=\"auto, (max-width: 1024px) 100vw, 1024px\" \/><\/figure>\n\n\n\n<p><\/p>\n\n\n\n<p>Juan Manuel Bilat, por su parte, dijo: \u201cEsta ciudad nos abraza cada vez que nos presentamos y disfruta de nuestra m\u00fasica, es muy importante que la Municipalidad apueste a estos eventos culturales\u201d.<\/p>\n\n\n\n<p>\u201cCantar es vivir, es poder comunicarme, agradezco a la Municipalidad que me d\u00e9 esta oportunidad\u201d, expres\u00f3 Mar\u00eda Silva.<\/p>\n\n\n\n<p>Bernardita Guti\u00e9rrez, por \u00faltimo, consider\u00f3: \u201cEs un orgullo compartir con tanta gente, muchos j\u00f3venes presentes, me llena el coraz\u00f3n\u201d.<\/p>\n\n\n\n<p><\/p>\n\n\n\n<figure class=\"wp-block-embed is-type-video is-provider-youtube wp-block-embed-youtube wp-embed-aspect-16-9 wp-has-aspect-ratio\"><div class=\"wp-block-embed__wrapper\">\n<iframe loading=\"lazy\" title=\"La Pe\u00f1a de Invierno anim\u00f3 la tarde en el Puerto Nuevo\" width=\"640\" height=\"360\" src=\"https:\/\/www.youtube.com\/embed\/nNcCAjI052Y?feature=oembed\" frameborder=\"0\" allow=\"accelerometer; autoplay; clipboard-write; encrypted-media; gyroscope; picture-in-picture; web-share\" referrerpolicy=\"strict-origin-when-cross-origin\" allowfullscreen><\/iframe>\n<\/div><\/figure>\n","protected":false},"excerpt":{"rendered":"<p>Paranaenses y ocasional turistas, disfrutaron de los recitales que brindaron m&uacute;sicos locales. Fue organizado por la Municipalidad de Paran&aacute; en la explanada de la Sala Mayo. La actividad fue libre y gratuita. El p&uacute;blico se acerc&oacute; con reposeras y mates para vivir la soleada tarde en el Puerto Nuevo y los conciertos de Mar&iacute;a Silva, [&hellip;]<\/p>\n","protected":false},"author":2,"featured_media":1703,"comment_status":"open","ping_status":"open","sticky":false,"template":"","format":"standard","meta":{"footnotes":""},"categories":[3,11],"tags":[102,95,862,863],"class_list":["post-1701","post","type-post","status-publish","format-standard","has-post-thumbnail","hentry","category-locales","category-politica","tag-municipalidad","tag-parana","tag-pena","tag-puerto-nuevo"],"_links":{"self":[{"href":"https:\/\/impactodenoticias.com.ar\/index.php?rest_route=\/wp\/v2\/posts\/1701","targetHints":{"allow":["GET"]}}],"collection":[{"href":"https:\/\/impactodenoticias.com.ar\/index.php?rest_route=\/wp\/v2\/posts"}],"about":[{"href":"https:\/\/impactodenoticias.com.ar\/index.php?rest_route=\/wp\/v2\/types\/post"}],"author":[{"embeddable":true,"href":"https:\/\/impactodenoticias.com.ar\/index.php?rest_route=\/wp\/v2\/users\/2"}],"replies":[{"embeddable":true,"href":"https:\/\/impactodenoticias.com.ar\/index.php?rest_route=%2Fwp%2Fv2%2Fcomments&post=1701"}],"version-history":[{"count":1,"href":"https:\/\/impactodenoticias.com.ar\/index.php?rest_route=\/wp\/v2\/posts\/1701\/revisions"}],"predecessor-version":[{"id":1704,"href":"https:\/\/impactodenoticias.com.ar\/index.php?rest_route=\/wp\/v2\/posts\/1701\/revisions\/1704"}],"wp:featuredmedia":[{"embeddable":true,"href":"https:\/\/impactodenoticias.com.ar\/index.php?rest_route=\/wp\/v2\/media\/1703"}],"wp:attachment":[{"href":"https:\/\/impactodenoticias.com.ar\/index.php?rest_route=%2Fwp%2Fv2%2Fmedia&parent=1701"}],"wp:term":[{"taxonomy":"category","embeddable":true,"href":"https:\/\/impactodenoticias.com.ar\/index.php?rest_route=%2Fwp%2Fv2%2Fcategories&post=1701"},{"taxonomy":"post_tag","embeddable":true,"href":"https:\/\/impactodenoticias.com.ar\/index.php?rest_route=%2Fwp%2Fv2%2Ftags&post=1701"}],"curies":[{"name":"wp","href":"https:\/\/api.w.org\/{rel}","templated":true}]}}