{"id":1728,"date":"2024-07-30T10:46:36","date_gmt":"2024-07-30T13:46:36","guid":{"rendered":"https:\/\/impactodenoticias.com.ar\/?p=1728"},"modified":"2024-07-30T10:46:37","modified_gmt":"2024-07-30T13:46:37","slug":"un-nino-resulto-herido-en-medio-de-una-balacera-entre-familias-de-parana","status":"publish","type":"post","link":"https:\/\/impactodenoticias.com.ar\/?p=1728","title":{"rendered":"Un ni\u00f1o result\u00f3 herido en medio de una balacera entre familias de Paran\u00e1"},"content":{"rendered":"\n<p><strong>Un nene de 12 a\u00f1os result\u00f3 baleado durante un tiroteo que se registr\u00f3 anoche en barrio El Perejil de Paran\u00e1. Detuvieron a dos j\u00f3venes y un tercer sospechoso, pudo darse a la fuga.<\/strong><\/p>\n\n\n\n<p>Un ni\u00f1o de 12 a\u00f1os result\u00f3 herido tras ser baleado durante un tiroteo registrado anoche en barrio El Perejil de Paran\u00e1. Seg\u00fan el parte policial enviado a <strong>IMPACTO DE NOTICIAS<\/strong>, el menor fue trasladado al hospital materno infantil San Roque con una herida de bala en su rodilla izquierda, afortunadamente no corre riesgo de vida.<\/p>\n\n\n\n<p>Fuentes policiales informaron que el intercambio de disparos se produjo en la noche de este lunes en calle Pablo Crausaz al final. Ante la intervenci\u00f3n del personal policial del 911, los presuntos responsables de la balacera intentaron darse a la fuga, dos fueron detenidos; se trat\u00f3 de dos j\u00f3venes de 20 y 24 a\u00f1os. Mientras que un hombre de 41 a\u00f1os y de apellido Falconier logr\u00f3 darse a la fuga.<\/p>\n\n\n\n<p>Seg\u00fan se detall\u00f3, a uno de los sujetos \u2013de apellido Retamar- le secuestraron 18 cartuchos 12x70mm, un cartucho 9x19mm y un cargador de 9mm sin cartucher\u00eda; al otro sospechoso \u2013de apellido Falconier- le incautaron un cargador de 9mm sin cartucher\u00eda.<\/p>\n\n\n\n<p>Adem\u00e1s, Ee la mesa de la vivienda donde se produjo el hecho, se localizaron dos rifles de aire comprimido.<\/p>\n\n\n\n<p>El fiscal Mariano Budasoff dispuso la detenci\u00f3n de los dos demorados, que se les realice el dermotest, y se proceda al secuestro de los elementos hallados en el operativo policial.<\/p>\n\n\n\n<p>Seg\u00fan se supo, la balacera que protagonizaron integrantes de familias muy conocidas que habitan el barrio habr\u00eda sido desatada por problema de vieja data y disputa de poder en la zona.<\/p>\n","protected":false},"excerpt":{"rendered":"<p>Un nene de 12 a&ntilde;os result&oacute; baleado durante un tiroteo que se registr&oacute; anoche en barrio El Perejil de Paran&aacute;. Detuvieron a dos j&oacute;venes y un tercer sospechoso, pudo darse a la fuga. Un ni&ntilde;o de 12 a&ntilde;os result&oacute; herido tras ser baleado durante un tiroteo registrado anoche en barrio El Perejil de Paran&aacute;. Seg&uacute;n [&hellip;]<\/p>\n","protected":false},"author":2,"featured_media":1729,"comment_status":"open","ping_status":"open","sticky":false,"template":"","format":"standard","meta":{"footnotes":""},"categories":[3,8],"tags":[886,887,389,503,95,118],"class_list":["post-1728","post","type-post","status-publish","format-standard","has-post-thumbnail","hentry","category-locales","category-policiales","tag-balacera","tag-el-perejil","tag-herido","tag-nino","tag-parana","tag-policiales"],"_links":{"self":[{"href":"https:\/\/impactodenoticias.com.ar\/index.php?rest_route=\/wp\/v2\/posts\/1728","targetHints":{"allow":["GET"]}}],"collection":[{"href":"https:\/\/impactodenoticias.com.ar\/index.php?rest_route=\/wp\/v2\/posts"}],"about":[{"href":"https:\/\/impactodenoticias.com.ar\/index.php?rest_route=\/wp\/v2\/types\/post"}],"author":[{"embeddable":true,"href":"https:\/\/impactodenoticias.com.ar\/index.php?rest_route=\/wp\/v2\/users\/2"}],"replies":[{"embeddable":true,"href":"https:\/\/impactodenoticias.com.ar\/index.php?rest_route=%2Fwp%2Fv2%2Fcomments&post=1728"}],"version-history":[{"count":1,"href":"https:\/\/impactodenoticias.com.ar\/index.php?rest_route=\/wp\/v2\/posts\/1728\/revisions"}],"predecessor-version":[{"id":1730,"href":"https:\/\/impactodenoticias.com.ar\/index.php?rest_route=\/wp\/v2\/posts\/1728\/revisions\/1730"}],"wp:featuredmedia":[{"embeddable":true,"href":"https:\/\/impactodenoticias.com.ar\/index.php?rest_route=\/wp\/v2\/media\/1729"}],"wp:attachment":[{"href":"https:\/\/impactodenoticias.com.ar\/index.php?rest_route=%2Fwp%2Fv2%2Fmedia&parent=1728"}],"wp:term":[{"taxonomy":"category","embeddable":true,"href":"https:\/\/impactodenoticias.com.ar\/index.php?rest_route=%2Fwp%2Fv2%2Fcategories&post=1728"},{"taxonomy":"post_tag","embeddable":true,"href":"https:\/\/impactodenoticias.com.ar\/index.php?rest_route=%2Fwp%2Fv2%2Ftags&post=1728"}],"curies":[{"name":"wp","href":"https:\/\/api.w.org\/{rel}","templated":true}]}}