{"id":1764,"date":"2024-07-31T09:50:26","date_gmt":"2024-07-31T12:50:26","guid":{"rendered":"https:\/\/impactodenoticias.com.ar\/?p=1764"},"modified":"2024-07-31T09:50:27","modified_gmt":"2024-07-31T12:50:27","slug":"parana-tras-una-persecucion-se-arresto-a-dos-sujetos-que-trasladaban-11-ladrillos-de-marihuana-y-un-arma","status":"publish","type":"post","link":"https:\/\/impactodenoticias.com.ar\/?p=1764","title":{"rendered":"Paran\u00e1: tras una persecuci\u00f3n se arrest\u00f3 a dos sujetos que trasladaban 11 ladrillos de marihuana y un arma"},"content":{"rendered":"\n<p><strong>La Polic\u00eda arrest\u00f3 a un joven y un hombre en Paran\u00e1. Llevaban drogas y ten\u00edan un arma de fuego, con la que amedrentaron a vecinos de un barrio.<\/strong><\/p>\n\n\n\n<p>El personal de la Guardia Especial y de la Divisi\u00f3n 911 arrestaron a un joven de 18 a\u00f1os y un hombre de 43 a\u00f1os por tenencia ilegal de arma de fuego y drogas. El operativo y la perseci\u00f3n se desarroll\u00f3 a la 1 en Paran\u00e1.<\/p>\n\n\n\n<p>El hecho sucedi\u00f3 cuando una vecina solicit\u00f3 el m\u00f3vil policial a barrio Giachino, calle Tibiletti y Dominicos Irlandeses, ante el paso de un veh\u00edculo negro, cuyos ocupantes efectuaron detonaciones de arma de fuego.<\/p>\n\n\n\n<p>Luego del aviso, los agentes policiales intentaron identificar un autom\u00f3vil de similares caracter\u00edsticas, que se dio a la fuga, por lo que dio comienzo a una persecuci\u00f3n. En ese marco, en calle Ernesto Clark y Casiano Calder\u00f3n el acompa\u00f1ante arroj\u00f3 una mochila donde el M\u00f3vil 1017 levant\u00f3 y sigui\u00f3 en persecuci\u00f3n colaborando los dem\u00e1s m\u00f3viles en zona.<\/p>\n\n\n\n<p><\/p>\n\n\n\n<figure class=\"wp-block-image size-full\"><img loading=\"lazy\" decoding=\"async\" width=\"778\" height=\"433\" src=\"https:\/\/impactodenoticias.com.ar\/wp-content\/uploads\/2024\/07\/scrnli_31_7_2024_9-44-21.png\" alt=\"\" class=\"wp-image-1765\" srcset=\"https:\/\/impactodenoticias.com.ar\/wp-content\/uploads\/2024\/07\/scrnli_31_7_2024_9-44-21.png 778w, https:\/\/impactodenoticias.com.ar\/wp-content\/uploads\/2024\/07\/scrnli_31_7_2024_9-44-21-300x167.png 300w, https:\/\/impactodenoticias.com.ar\/wp-content\/uploads\/2024\/07\/scrnli_31_7_2024_9-44-21-768x427.png 768w\" sizes=\"auto, (max-width: 778px) 100vw, 778px\" \/><\/figure>\n\n\n\n<p><\/p>\n\n\n\n<p>Finalmente en el entubado se logr\u00f3 demorar a uno de los sujetos de 18 a\u00f1os, domiciliado en barrio Giachino cortada 566. Mientras que otro m\u00f3vil por calle Rancillac demor\u00f3 al autom\u00f3vil Renault Fluence negro. All\u00ed tambi\u00e9n se pudo onservar en el suelo un arma de fuego, tipo rev\u00f3lver, con un cartucho mismo calibre.<\/p>\n\n\n\n<p>Posteriormente se verific\u00f3 la valija que conten\u00eda 11 ladrillos compactos de marihuana y un trozo m\u00e1s peque\u00f1o, cuyo pesaje arroj\u00f3 la suma total de 8.593,5 kilos, adem\u00e1s de 221.250 pesos de dinero en efectivo.<\/p>\n\n\n\n<p>En comunicaci\u00f3n con el fiscal se dispuso la detenci\u00f3n de ambos sujetos y que fueran alojados en Alcaid\u00eda.<\/p>\n","protected":false},"excerpt":{"rendered":"<p>La Polic&iacute;a arrest&oacute; a un joven y un hombre en Paran&aacute;. Llevaban drogas y ten&iacute;an un arma de fuego, con la que amedrentaron a vecinos de un barrio. El personal de la Guardia Especial y de la Divisi&oacute;n 911 arrestaron a un joven de 18 a&ntilde;os y un hombre de 43 a&ntilde;os por tenencia ilegal [&hellip;]<\/p>\n","protected":false},"author":2,"featured_media":1766,"comment_status":"open","ping_status":"open","sticky":false,"template":"","format":"standard","meta":{"footnotes":""},"categories":[3,8],"tags":[95,118],"class_list":["post-1764","post","type-post","status-publish","format-standard","has-post-thumbnail","hentry","category-locales","category-policiales","tag-parana","tag-policiales"],"_links":{"self":[{"href":"https:\/\/impactodenoticias.com.ar\/index.php?rest_route=\/wp\/v2\/posts\/1764","targetHints":{"allow":["GET"]}}],"collection":[{"href":"https:\/\/impactodenoticias.com.ar\/index.php?rest_route=\/wp\/v2\/posts"}],"about":[{"href":"https:\/\/impactodenoticias.com.ar\/index.php?rest_route=\/wp\/v2\/types\/post"}],"author":[{"embeddable":true,"href":"https:\/\/impactodenoticias.com.ar\/index.php?rest_route=\/wp\/v2\/users\/2"}],"replies":[{"embeddable":true,"href":"https:\/\/impactodenoticias.com.ar\/index.php?rest_route=%2Fwp%2Fv2%2Fcomments&post=1764"}],"version-history":[{"count":1,"href":"https:\/\/impactodenoticias.com.ar\/index.php?rest_route=\/wp\/v2\/posts\/1764\/revisions"}],"predecessor-version":[{"id":1767,"href":"https:\/\/impactodenoticias.com.ar\/index.php?rest_route=\/wp\/v2\/posts\/1764\/revisions\/1767"}],"wp:featuredmedia":[{"embeddable":true,"href":"https:\/\/impactodenoticias.com.ar\/index.php?rest_route=\/wp\/v2\/media\/1766"}],"wp:attachment":[{"href":"https:\/\/impactodenoticias.com.ar\/index.php?rest_route=%2Fwp%2Fv2%2Fmedia&parent=1764"}],"wp:term":[{"taxonomy":"category","embeddable":true,"href":"https:\/\/impactodenoticias.com.ar\/index.php?rest_route=%2Fwp%2Fv2%2Fcategories&post=1764"},{"taxonomy":"post_tag","embeddable":true,"href":"https:\/\/impactodenoticias.com.ar\/index.php?rest_route=%2Fwp%2Fv2%2Ftags&post=1764"}],"curies":[{"name":"wp","href":"https:\/\/api.w.org\/{rel}","templated":true}]}}