{"id":1768,"date":"2024-07-31T09:59:42","date_gmt":"2024-07-31T12:59:42","guid":{"rendered":"https:\/\/impactodenoticias.com.ar\/?p=1768"},"modified":"2024-07-31T09:59:43","modified_gmt":"2024-07-31T12:59:43","slug":"ate-anuncio-una-nueva-medida-de-fuerza-para-el-7-de-agosto","status":"publish","type":"post","link":"https:\/\/impactodenoticias.com.ar\/?p=1768","title":{"rendered":"ATE anunci\u00f3 una nueva medida de fuerza para el 7 de agosto"},"content":{"rendered":"\n<p><strong>Desde la Asociaci\u00f3n de Trabajadores del Estado (ATE) se expresaron sobre los \u00edndices de pobreza y desempleo.<\/strong> <strong>Que ocurrir\u00e1 en Entre R\u00edos<\/strong><\/p>\n\n\n\n<p>La Asociaci\u00f3n de Trabajadores del Estado (ATE) adelant\u00f3 que llamar\u00e1 a un paro nacional este 7 de agosto. En este contexto, Oscar Muntes, secretario General en Entre R\u00edos brind\u00f3 detalles sobre como se proceder\u00e1 en la provincia.<\/p>\n\n\n\n<p>\u201cNos estaremos movilizando con todos los sectores, rectificando todas las consignas que han definido a nivel nacional, con todas las organizaciones que estamos en lucha\u201d, destac\u00f3 Muntes.<\/p>\n\n\n\n<p>Y agreg\u00f3 que: \u201cSeguramente realizaremos una movilizaci\u00f3n en la provincia, hacia Casa de Gobierno. Buscaremos unificar la marcha. Hay millones de argentinos por debajo de la l\u00ednea de la pobreza y la indigencia. La Ley Bases viene a destruir el Estado totalmente\u201d.<\/p>\n\n\n\n<p>Tambi\u00e9n aclar\u00f3 que habr\u00e1 servicios m\u00ednimos: \u201cSiempre garantizamos eso, pero la huelga y la movilizaci\u00f3n es la \u00fanica herramienta que tenemos los trabajadores para cambiar la realidad\u201d.<\/p>\n\n\n\n<p>\u201cVamos a realizar la petici\u00f3n para que sean incluidos compa\u00f1eros y compa\u00f1eras en la negociaci\u00f3n salarial. Ma\u00f1ana tenemos una reuni\u00f3n muy importante, porque necesitamos que los pasivos sean incluidos\u201d, concluy\u00f3 Muntes.<\/p>\n","protected":false},"excerpt":{"rendered":"<p>Desde la Asociaci&oacute;n de Trabajadores del Estado (ATE) se expresaron sobre los &iacute;ndices de pobreza y desempleo. Que ocurrir&aacute; en Entre R&iacute;os La Asociaci&oacute;n de Trabajadores del Estado (ATE) adelant&oacute; que llamar&aacute; a un paro nacional este 7 de agosto. En este contexto, Oscar Muntes, secretario General en Entre R&iacute;os brind&oacute; detalles sobre como se [&hellip;]<\/p>\n","protected":false},"author":2,"featured_media":1769,"comment_status":"open","ping_status":"open","sticky":false,"template":"","format":"standard","meta":{"footnotes":""},"categories":[91,11,4],"tags":[103,59,906],"class_list":["post-1768","post","type-post","status-publish","format-standard","has-post-thumbnail","hentry","category-gremiales","category-politica","category-provinciales","tag-ate","tag-paro","tag-pobreza"],"_links":{"self":[{"href":"https:\/\/impactodenoticias.com.ar\/index.php?rest_route=\/wp\/v2\/posts\/1768","targetHints":{"allow":["GET"]}}],"collection":[{"href":"https:\/\/impactodenoticias.com.ar\/index.php?rest_route=\/wp\/v2\/posts"}],"about":[{"href":"https:\/\/impactodenoticias.com.ar\/index.php?rest_route=\/wp\/v2\/types\/post"}],"author":[{"embeddable":true,"href":"https:\/\/impactodenoticias.com.ar\/index.php?rest_route=\/wp\/v2\/users\/2"}],"replies":[{"embeddable":true,"href":"https:\/\/impactodenoticias.com.ar\/index.php?rest_route=%2Fwp%2Fv2%2Fcomments&post=1768"}],"version-history":[{"count":1,"href":"https:\/\/impactodenoticias.com.ar\/index.php?rest_route=\/wp\/v2\/posts\/1768\/revisions"}],"predecessor-version":[{"id":1770,"href":"https:\/\/impactodenoticias.com.ar\/index.php?rest_route=\/wp\/v2\/posts\/1768\/revisions\/1770"}],"wp:featuredmedia":[{"embeddable":true,"href":"https:\/\/impactodenoticias.com.ar\/index.php?rest_route=\/wp\/v2\/media\/1769"}],"wp:attachment":[{"href":"https:\/\/impactodenoticias.com.ar\/index.php?rest_route=%2Fwp%2Fv2%2Fmedia&parent=1768"}],"wp:term":[{"taxonomy":"category","embeddable":true,"href":"https:\/\/impactodenoticias.com.ar\/index.php?rest_route=%2Fwp%2Fv2%2Fcategories&post=1768"},{"taxonomy":"post_tag","embeddable":true,"href":"https:\/\/impactodenoticias.com.ar\/index.php?rest_route=%2Fwp%2Fv2%2Ftags&post=1768"}],"curies":[{"name":"wp","href":"https:\/\/api.w.org\/{rel}","templated":true}]}}