{"id":1775,"date":"2024-07-31T10:27:18","date_gmt":"2024-07-31T13:27:18","guid":{"rendered":"https:\/\/impactodenoticias.com.ar\/?p=1775"},"modified":"2024-07-31T15:53:06","modified_gmt":"2024-07-31T18:53:06","slug":"impactante-siniestro-vial-en-ruta-39-padre-y-su-hijo-fueron-hospitalizados","status":"publish","type":"post","link":"https:\/\/impactodenoticias.com.ar\/?p=1775","title":{"rendered":"Impactante siniestro vial en Ruta 39: padre y su hijo fueron hospitalizados"},"content":{"rendered":"\n<h3 class=\"wp-block-heading\">Cuatro veh\u00edculos involucrados en un choque en cadena en Ruta provincial 39, el accidente vial se produjo debido a la mala maniobra de un camionero.<\/h3>\n\n\n\n<p>En la noche de este martes, cerca de las 20:20, se produjo un grave siniestro vial en la Ruta Provincial N\u00b0 39, a la altura de los puentes sobre el Arroyo Gualeguaych\u00fa. El accidente vial involucr\u00f3 a cuatro veh\u00edculos y gener\u00f3 un importante despliegue de servicios de emergencia.<\/p>\n\n\n\n<p>De acuerdo a informaci\u00f3n brindada por fuentes policiales a <strong>IMPACTO DE NOTICIAS<\/strong>, el accidente se desat\u00f3 cuando un cami\u00f3n de carga marca Scania, que transportaba granos de ma\u00edz para la empresa Tres Arroyos, realiz\u00f3 una maniobra brusca de frenado debido a las malas condiciones de la calzada. Esta acci\u00f3n provoc\u00f3 que un Toyota Corolla, en el que viajaban un padre y su hijo menor de edad, colisionara con la parte trasera del acoplado.<\/p>\n\n\n\n<p>Detr\u00e1s de este veh\u00edculo, un VW Polo, conducido por un adulto, tambi\u00e9n se vio involucrado al intentar maniobrar y pasar al carril contrario, mientras que un cuarto veh\u00edculo de carga marca Freightliner (palero), impact\u00f3 al autom\u00f3vil Toyota Corolla.<\/p>\n\n\n\n<p>Como resultado del siniestro vial en cadena, el conductor del Toyota Corolla y su hijo, de solo 10 a\u00f1os, fueron trasladados de inmediato en ambulancia a la ciudad de Concepci\u00f3n del Uruguay para recibir atenci\u00f3n m\u00e9dica. Se reportaron lesiones leves, aunque se est\u00e1 a la espera de un informe m\u00e9dico m\u00e1s precis\u00f3.<\/p>\n\n\n\n<p>El Gabinete Criminal\u00edstico y el M\u00e9dico de Polic\u00eda en turno intervinieron en el lugar para realizar las investigaciones pertinentes. A pesar del siniestro vial, el tr\u00e1nsito en la zona fue restablecido con la asistencia del Puesto Caminero Vela Vista y las Comisar\u00edas de Caseros y Herrera, public\u00f3 La Pir\u00e1mide.<\/p>\n\n\n\n<p>El menor de edad y su padre fueron atendidos en el Hospital J.J. de Urquiza tras presentar lesiones de car\u00e1cter leve.<\/p>\n\n\n\n<p>Ambos pacientes fueron evaluados por el m\u00e9dico de polic\u00eda en turno, quien determin\u00f3 que no hab\u00eda lesiones graves. Tras recibir la atenci\u00f3n necesaria, tanto el padre como el hijo se retiraron del nosocomio por sus propios medios.<\/p>\n","protected":false},"excerpt":{"rendered":"<p>Cuatro veh&iacute;culos involucrados en un choque en cadena en Ruta provincial 39, el accidente vial se produjo debido a la mala maniobra de un camionero. En la noche de este martes, cerca de las 20:20, se produjo un grave siniestro vial en la Ruta Provincial N&deg; 39, a la altura de los puentes sobre el [&hellip;]<\/p>\n","protected":false},"author":2,"featured_media":1776,"comment_status":"open","ping_status":"open","sticky":false,"template":"","format":"standard","meta":{"footnotes":""},"categories":[8,4],"tags":[829,33,394,109],"class_list":["post-1775","post","type-post","status-publish","format-standard","has-post-thumbnail","hentry","category-policiales","category-provinciales","tag-accidente-vial","tag-entre-rios","tag-heridos","tag-ruta-39"],"_links":{"self":[{"href":"https:\/\/impactodenoticias.com.ar\/index.php?rest_route=\/wp\/v2\/posts\/1775","targetHints":{"allow":["GET"]}}],"collection":[{"href":"https:\/\/impactodenoticias.com.ar\/index.php?rest_route=\/wp\/v2\/posts"}],"about":[{"href":"https:\/\/impactodenoticias.com.ar\/index.php?rest_route=\/wp\/v2\/types\/post"}],"author":[{"embeddable":true,"href":"https:\/\/impactodenoticias.com.ar\/index.php?rest_route=\/wp\/v2\/users\/2"}],"replies":[{"embeddable":true,"href":"https:\/\/impactodenoticias.com.ar\/index.php?rest_route=%2Fwp%2Fv2%2Fcomments&post=1775"}],"version-history":[{"count":2,"href":"https:\/\/impactodenoticias.com.ar\/index.php?rest_route=\/wp\/v2\/posts\/1775\/revisions"}],"predecessor-version":[{"id":1787,"href":"https:\/\/impactodenoticias.com.ar\/index.php?rest_route=\/wp\/v2\/posts\/1775\/revisions\/1787"}],"wp:featuredmedia":[{"embeddable":true,"href":"https:\/\/impactodenoticias.com.ar\/index.php?rest_route=\/wp\/v2\/media\/1776"}],"wp:attachment":[{"href":"https:\/\/impactodenoticias.com.ar\/index.php?rest_route=%2Fwp%2Fv2%2Fmedia&parent=1775"}],"wp:term":[{"taxonomy":"category","embeddable":true,"href":"https:\/\/impactodenoticias.com.ar\/index.php?rest_route=%2Fwp%2Fv2%2Fcategories&post=1775"},{"taxonomy":"post_tag","embeddable":true,"href":"https:\/\/impactodenoticias.com.ar\/index.php?rest_route=%2Fwp%2Fv2%2Ftags&post=1775"}],"curies":[{"name":"wp","href":"https:\/\/api.w.org\/{rel}","templated":true}]}}