{"id":1784,"date":"2024-07-31T11:53:40","date_gmt":"2024-07-31T14:53:40","guid":{"rendered":"https:\/\/impactodenoticias.com.ar\/?p=1784"},"modified":"2024-07-31T11:53:41","modified_gmt":"2024-07-31T14:53:41","slug":"fiscal-de-diamante-informo-que-estan-buscando-un-vehiculo-posiblemente-involucrado-en-el-accidente-en-el-que-fallecio-un-nino","status":"publish","type":"post","link":"https:\/\/impactodenoticias.com.ar\/?p=1784","title":{"rendered":"Fiscal de Diamante inform\u00f3 que est\u00e1n buscando un veh\u00edculo posiblemente involucrado en el accidente en el que falleci\u00f3 un ni\u00f1o"},"content":{"rendered":"\n<p><strong>Gilberto Robledo, confirm\u00f3 que se busca intensamente un veh\u00edculo que habr\u00eda estado involucrado en el tr\u00e1gico accidente vial sucedido el viernes a las 20 sobre Ruta 12.<\/strong><\/p>\n\n\n\n<p>El fiscal de Diamante, Gilberto Robledo, confirm\u00f3 que se encuentra en b\u00fasqueda de un veh\u00edculo que habr\u00eda estado involucrado en el tr\u00e1gico siniestro vial que se produjo el viernes a las 20 sobre Ruta 12, en inmediaciones del acceso a General Ram\u00edrez, en el que un ni\u00f1o de cinco a\u00f1os perdi\u00f3 la vida y su madre se encuentra en terapia intensiva en un sanatorio de Crespo. La v\u00edctima fue identificada como Cardenal Mart\u00ednez Ra\u00edan Tom\u00e1s.<\/p>\n\n\n\n<p>La familia, originaria de Segu\u00ed, se trasladaba en un Volkswagen Gol cuando sufri\u00f3 un violento vuelco que, seg\u00fan los primeros informes, podr\u00eda haber sido causado por la maniobra de otro veh\u00edculo, el cual se dio a la fuga.<\/p>\n\n\n\n<p>El accidente vial dej\u00f3 en grave estado de salud al padre de la familia, de 29 a\u00f1os, quien fue dado de alta y a la madre de 25 a\u00f1os.<\/p>\n\n\n\n<p>El fiscal Robledo explic\u00f3 en declaraciones radiales que se est\u00e1 investigando la participaci\u00f3n de un segundo veh\u00edculo.<\/p>\n\n\n\n<p>\u201cHabr\u00eda otro veh\u00edculo involucrado. No est\u00e1 bien claro las caracter\u00edsticas. Presumiblemente, por lo que manifest\u00f3 un testigo, vio que otro veh\u00edculo estuvo involucrado\u201d, expres\u00f3 el funcionario.<\/p>\n\n\n\n<p>Adem\u00e1s hizo referencia que \u201cel testigo relata que supuestamente iban dos veh\u00edculos a alta velocidad, como que iban pele\u00e1ndose en la ruta, y despu\u00e9s se ve que uno despista\u201d.<\/p>\n\n\n\n<p>\u201cSe est\u00e1 tratando de establecer la mec\u00e1nica del hecho y buscando al otro veh\u00edculo que se dio a la fuga. El otro veh\u00edculo ser\u00eda una camioneta de color oscuro, doble cabina. El testigo no pudo decir qu\u00e9 tipo de marca era ni el dominio\u201d, finaliz\u00f3.<\/p>\n","protected":false},"excerpt":{"rendered":"<p>Gilberto Robledo, confirm&oacute; que se busca intensamente un veh&iacute;culo que habr&iacute;a estado involucrado en el tr&aacute;gico accidente vial sucedido el viernes a las 20 sobre Ruta 12. El fiscal de Diamante, Gilberto Robledo, confirm&oacute; que se encuentra en b&uacute;squeda de un veh&iacute;culo que habr&iacute;a estado involucrado en el tr&aacute;gico siniestro vial que se produjo el [&hellip;]<\/p>\n","protected":false},"author":2,"featured_media":1785,"comment_status":"open","ping_status":"open","sticky":false,"template":"","format":"standard","meta":{"footnotes":""},"categories":[90,3,8],"tags":[829,507,251,911,73,417,826,910],"class_list":["post-1784","post","type-post","status-publish","format-standard","has-post-thumbnail","hentry","category-judicial","category-locales","category-policiales","tag-accidente-vial","tag-auto","tag-busqueda","tag-cardenal-martinez-raian-tomas","tag-diamante","tag-fiscal","tag-general-ramirez-2","tag-gilberto-robledo"],"_links":{"self":[{"href":"https:\/\/impactodenoticias.com.ar\/index.php?rest_route=\/wp\/v2\/posts\/1784","targetHints":{"allow":["GET"]}}],"collection":[{"href":"https:\/\/impactodenoticias.com.ar\/index.php?rest_route=\/wp\/v2\/posts"}],"about":[{"href":"https:\/\/impactodenoticias.com.ar\/index.php?rest_route=\/wp\/v2\/types\/post"}],"author":[{"embeddable":true,"href":"https:\/\/impactodenoticias.com.ar\/index.php?rest_route=\/wp\/v2\/users\/2"}],"replies":[{"embeddable":true,"href":"https:\/\/impactodenoticias.com.ar\/index.php?rest_route=%2Fwp%2Fv2%2Fcomments&post=1784"}],"version-history":[{"count":1,"href":"https:\/\/impactodenoticias.com.ar\/index.php?rest_route=\/wp\/v2\/posts\/1784\/revisions"}],"predecessor-version":[{"id":1786,"href":"https:\/\/impactodenoticias.com.ar\/index.php?rest_route=\/wp\/v2\/posts\/1784\/revisions\/1786"}],"wp:featuredmedia":[{"embeddable":true,"href":"https:\/\/impactodenoticias.com.ar\/index.php?rest_route=\/wp\/v2\/media\/1785"}],"wp:attachment":[{"href":"https:\/\/impactodenoticias.com.ar\/index.php?rest_route=%2Fwp%2Fv2%2Fmedia&parent=1784"}],"wp:term":[{"taxonomy":"category","embeddable":true,"href":"https:\/\/impactodenoticias.com.ar\/index.php?rest_route=%2Fwp%2Fv2%2Fcategories&post=1784"},{"taxonomy":"post_tag","embeddable":true,"href":"https:\/\/impactodenoticias.com.ar\/index.php?rest_route=%2Fwp%2Fv2%2Ftags&post=1784"}],"curies":[{"name":"wp","href":"https:\/\/api.w.org\/{rel}","templated":true}]}}