{"id":1794,"date":"2024-07-31T18:24:14","date_gmt":"2024-07-31T21:24:14","guid":{"rendered":"https:\/\/impactodenoticias.com.ar\/?p=1794"},"modified":"2024-07-31T18:24:19","modified_gmt":"2024-07-31T21:24:19","slug":"la-intendenta-romero-inauguro-la-obra-de-remodelacion-del-centro-comunitario-san-roque","status":"publish","type":"post","link":"https:\/\/impactodenoticias.com.ar\/?p=1794","title":{"rendered":"La intendenta Romero inaugur\u00f3 la obra de remodelaci\u00f3n del Centro Comunitario San Roque"},"content":{"rendered":"\n<h3 class=\"wp-block-heading\">Es una intervenci\u00f3n integral que se ejecut\u00f3 a trav\u00e9s del programa Presupuesto Participativo. \u201cEstamos contentos de haber contribuido a una obra que votaron los vecinos\u201d, resalt\u00f3 este lunes la intendenta Rosario Romero.<\/h3>\n\n\n\n<p>La comunidad contar\u00e1 con un espacio renovado destinado a las actividades recreativas, a la capacitaci\u00f3n y al servicio social. Particip\u00f3 de la ceremonia el viceintendente David C\u00e1ceres.<\/p>\n\n\n\n<p>El Centro Comunitario San Roque est\u00e1 ubicado en la intersecci\u00f3n de las calles Vicente del Castillo y Brasil, a una cuadra de la avenida Ram\u00edrez.<\/p>\n\n\n\n<p><\/p>\n\n\n\n<figure class=\"wp-block-image size-large\"><img loading=\"lazy\" decoding=\"async\" width=\"1024\" height=\"682\" src=\"https:\/\/impactodenoticias.com.ar\/wp-content\/uploads\/2024\/07\/1722301715_824d4fb1e3e3b7b56bc4-1024x682.jpeg\" alt=\"\" class=\"wp-image-1795\" srcset=\"https:\/\/impactodenoticias.com.ar\/wp-content\/uploads\/2024\/07\/1722301715_824d4fb1e3e3b7b56bc4-1024x682.jpeg 1024w, https:\/\/impactodenoticias.com.ar\/wp-content\/uploads\/2024\/07\/1722301715_824d4fb1e3e3b7b56bc4-300x200.jpeg 300w, https:\/\/impactodenoticias.com.ar\/wp-content\/uploads\/2024\/07\/1722301715_824d4fb1e3e3b7b56bc4-768x512.jpeg 768w, https:\/\/impactodenoticias.com.ar\/wp-content\/uploads\/2024\/07\/1722301715_824d4fb1e3e3b7b56bc4-1536x1023.jpeg 1536w, https:\/\/impactodenoticias.com.ar\/wp-content\/uploads\/2024\/07\/1722301715_824d4fb1e3e3b7b56bc4.jpeg 1600w\" sizes=\"auto, (max-width: 1024px) 100vw, 1024px\" \/><\/figure>\n\n\n\n<p><\/p>\n\n\n\n<p>El proyecto de refacci\u00f3n y readecuaci\u00f3n del Centro Comunitario San Roque surgi\u00f3 en 2015, a trav\u00e9s del programa Presupuesto Participativo, durante la gesti\u00f3n de la ex intendenta Blanca Osuna cuando los vecinos votaron el desarrollo de la obra. Los trabajos se retomaron en 2022 durante la gesti\u00f3n del entonces intendente Ad\u00e1n Bahl y se pudieron finalizar en el actual gobierno municipal que conduce la intendenta Rosario Romero.<\/p>\n\n\n\n<p>Los trabajos fueron financiados con aportes del Municipio, dando respuesta a una demanda de los vecinos que deseaban contar con un espacio para encontrarse, capacitarse y realizar actividades recreativas.<\/p>\n\n\n\n<p>\u201cLas cosas lindas hay que celebrarlas. Este es un Centro Comunitario que ya exist\u00eda, la propiedad es del Arzobispado de Paran\u00e1. Las llaves se las hemos entregado a Monse\u00f1or Puiggari porque sigue siendo titularidad del Arzobispado de Paran\u00e1, pero ac\u00e1 no solamente funciona C\u00e1ritas sino tambi\u00e9n la Vecinal, distintas instituciones del barrio y dos clubes. Tiene mucha vida e historia el Centro Comunitario. Estamos contentos de haber contribuido a una obra que votaron los vecinos\u201d, destac\u00f3 la intendenta Rosario Romero.<\/p>\n\n\n\n<p>Sobre la historia del edificio, monse\u00f1or Juan Alberto Puiggari mencion\u00f3 que \u201ces una alegr\u00eda que en todas las parroquias, sobre todo en los barrios, haya servicios para la comunidad. Esto es una realizaci\u00f3n y estamos agradecidos a la Municipalidad por haber concretado tan lindas mejoras\u201d.<\/p>\n\n\n\n<p>A su vez, el p\u00e1rroco de la Iglesia San Roque, Julio C\u00e9sar Cabrera, celebr\u00f3 la importancia de esta obra: \u201cNos sentimos orgullosos y quiero nombrar al querido padre Fontana que no pudo venir hoy, a quien le debemos la realizaci\u00f3n de esta obra. Entre todos debemos cuidarlo\u201d.<\/p>\n\n\n\n<p>En representaci\u00f3n de la vecinal Fe y Esperanza, su presidenta Paula Orzuza, dijo que haber culminado el proyecto \u201ces un sue\u00f1o. Le agradecemos a la Iglesia por el espacio y despu\u00e9s de 9 a\u00f1os, verlo as\u00ed es cumplir el sue\u00f1o de muchos. Queremos tener actividades desde el lunes hasta el s\u00e1bado, esperemos que se pueda cumplir\u201d.<\/p>\n\n\n\n<p><strong>Sobre la obra<\/strong><\/p>\n\n\n\n<p>La obra consiste en una readecuaci\u00f3n, ampliaci\u00f3n y refuncionalizaci\u00f3n total de un espacio de suma importancia para las actividades de la Vecinal San Roque y sus alrededores.<\/p>\n\n\n\n<p>Los trabajos incluyen adem\u00e1s la construcci\u00f3n de grupos sanitarios en ambas plantas, colocaci\u00f3n de luminarias en el interior y exterior, servicios complementarios y una sala de reuniones. Se reemplazaron aberturas, pisos, mobiliario y adem\u00e1s se construyeron nuevas veredas perimetrales y rampas de acceso para personas con movilidad reducida.<\/p>\n\n\n\n<p>Estuvieron presentes el secretario de Hacienda y Producci\u00f3n, Alexis Bilbao; el secretario de Planificaci\u00f3n e Infraestructura, Eduardo Lor\u00e9fice; la secretaria de Educaci\u00f3n, Cultura y Convivencia Ciudadana, Nadia Bilat; las concejalas Luisina Minni y Fernanda Facello; la directora de C\u00e1ritas, arquidi\u00f3cesis Paran\u00e1, Patricia Romero y autoridades policiales.<\/p>\n\n\n\n<p><\/p>\n\n\n\n<figure class=\"wp-block-embed is-type-video is-provider-youtube wp-block-embed-youtube wp-embed-aspect-16-9 wp-has-aspect-ratio\"><div class=\"wp-block-embed__wrapper\">\n<iframe loading=\"lazy\" title=\"La intendenta Romero inaugur\u00f3 la obra de remodelaci\u00f3n del Centro Comunitario San Roque\" width=\"640\" height=\"360\" src=\"https:\/\/www.youtube.com\/embed\/4dvALhKbrTs?feature=oembed\" frameborder=\"0\" allow=\"accelerometer; autoplay; clipboard-write; encrypted-media; gyroscope; picture-in-picture; web-share\" referrerpolicy=\"strict-origin-when-cross-origin\" allowfullscreen><\/iframe>\n<\/div><\/figure>\n","protected":false},"excerpt":{"rendered":"<p>Es una intervenci&oacute;n integral que se ejecut&oacute; a trav&eacute;s del programa Presupuesto Participativo. &ldquo;Estamos contentos de haber contribuido a una obra que votaron los vecinos&rdquo;, resalt&oacute; este lunes la intendenta Rosario Romero. La comunidad contar&aacute; con un espacio renovado destinado a las actividades recreativas, a la capacitaci&oacute;n y al servicio social. Particip&oacute; de la ceremonia [&hellip;]<\/p>\n","protected":false},"author":2,"featured_media":1796,"comment_status":"open","ping_status":"open","sticky":false,"template":"","format":"standard","meta":{"footnotes":""},"categories":[3,49],"tags":[919,918,916,920,95,161],"class_list":["post-1794","post","type-post","status-publish","format-standard","has-post-thumbnail","hentry","category-locales","category-sociedad","tag-blanca-osuna","tag-centro-comunitario-san-roque","tag-david-caceres-2","tag-monsenor-juan-alberto-puiggari","tag-parana","tag-rosario-romero"],"_links":{"self":[{"href":"https:\/\/impactodenoticias.com.ar\/index.php?rest_route=\/wp\/v2\/posts\/1794","targetHints":{"allow":["GET"]}}],"collection":[{"href":"https:\/\/impactodenoticias.com.ar\/index.php?rest_route=\/wp\/v2\/posts"}],"about":[{"href":"https:\/\/impactodenoticias.com.ar\/index.php?rest_route=\/wp\/v2\/types\/post"}],"author":[{"embeddable":true,"href":"https:\/\/impactodenoticias.com.ar\/index.php?rest_route=\/wp\/v2\/users\/2"}],"replies":[{"embeddable":true,"href":"https:\/\/impactodenoticias.com.ar\/index.php?rest_route=%2Fwp%2Fv2%2Fcomments&post=1794"}],"version-history":[{"count":1,"href":"https:\/\/impactodenoticias.com.ar\/index.php?rest_route=\/wp\/v2\/posts\/1794\/revisions"}],"predecessor-version":[{"id":1797,"href":"https:\/\/impactodenoticias.com.ar\/index.php?rest_route=\/wp\/v2\/posts\/1794\/revisions\/1797"}],"wp:featuredmedia":[{"embeddable":true,"href":"https:\/\/impactodenoticias.com.ar\/index.php?rest_route=\/wp\/v2\/media\/1796"}],"wp:attachment":[{"href":"https:\/\/impactodenoticias.com.ar\/index.php?rest_route=%2Fwp%2Fv2%2Fmedia&parent=1794"}],"wp:term":[{"taxonomy":"category","embeddable":true,"href":"https:\/\/impactodenoticias.com.ar\/index.php?rest_route=%2Fwp%2Fv2%2Fcategories&post=1794"},{"taxonomy":"post_tag","embeddable":true,"href":"https:\/\/impactodenoticias.com.ar\/index.php?rest_route=%2Fwp%2Fv2%2Ftags&post=1794"}],"curies":[{"name":"wp","href":"https:\/\/api.w.org\/{rel}","templated":true}]}}