{"id":1798,"date":"2024-07-31T18:47:44","date_gmt":"2024-07-31T21:47:44","guid":{"rendered":"https:\/\/impactodenoticias.com.ar\/?p=1798"},"modified":"2024-07-31T18:47:49","modified_gmt":"2024-07-31T21:47:49","slug":"apartaron-al-titular-de-vialidad-nacional-en-entre-rios-dirigente-cercano-a-rogelio-frigerio","status":"publish","type":"post","link":"https:\/\/impactodenoticias.com.ar\/?p=1798","title":{"rendered":"Apartaron al titular de Vialidad Nacional en Entre R\u00edos, dirigente cercano a Rogelio Frigerio"},"content":{"rendered":"\n<p><strong>\u201cLamentablemente, hoy es mi \u00faltimo d\u00eda en Vialidad Nacional\u201d, expres\u00f3 Marcone. El gobierno de Javier Milei reemplaz\u00f3 a los funcionarios de varias provincias, seg\u00fan se dio a conocer.<\/strong><\/p>\n\n\n\n<p>El arquitecto Guillermo Marcone fue apartado de la conducci\u00f3n del Distrito Entre R\u00edos de Vialidad Nacional. \u201cLamentablemente, hoy es mi \u00faltimo d\u00eda en Vialidad Nacional\u201d, se\u00f1al\u00f3.<\/p>\n\n\n\n<p>\u201cNos sacaron a todos los Jefes de distrito del pa\u00eds que pertenec\u00edamos a Juntos por el Cambio\u201d, afirm\u00f3 y destac\u00f3 que \u201cdesplazaron a los jefes de Entre R\u00edos, Santa Fe, C\u00f3rdoba, Corrientes, Neuqu\u00e9n y San Luis\u201d.<\/p>\n\n\n\n<p>El concordiense Guillermo Marcone, en consecuencia, est\u00e1 finalizando este 31 de julio su corta gesti\u00f3n al frente del Distrito Entre R\u00edos de la Direcci\u00f3n Nacional de Vialidad (DNV). Fue designado en mayo por la administraci\u00f3n del presidente Javier Milei, tras haber mantenido en ese puesto a quien ven\u00eda de la gesti\u00f3n de Alberto Fern\u00e1ndez, el nogoyaense Daniel Koch, ya tiene reemplazante.<\/p>\n\n\n\n<p>Vialidad Nacional fue de los \u00faltimos organismos territoriales en los cuales la gesti\u00f3n Milei hizo pie. Marcone, arquitecto de profesi\u00f3n, fue en las elecciones de 2023 precandidato a intendente de Concordia por el Movimiento de Integraci\u00f3n y Desarrollo (MID), quedando en los \u00faltimos lugares tras la votaci\u00f3n. Luego de las elecciones impulsado por el ahora gobernador Rogelio Frigerio, fue incluido como tercero en la lista de los candidatos a diputados nacionales por la coalici\u00f3n Juntos por Entre R\u00edos.<\/p>\n\n\n\n<p>Hasta su designaci\u00f3n al frente de DNV Entre R\u00edos, ven\u00eda desempe\u00f1\u00e1ndose como nexo entre el municipio de Concordia y el gobierno de Entre R\u00edos.<\/p>\n\n\n\n<p><strong>El reemplazo<\/strong><\/p>\n\n\n\n<p>El cargo de Marcone ser\u00e1 ocupado por Leandro Hern\u00e1n Burgos, un ingeniero civil orientado a las v\u00edas de comunicaci\u00f3n quien viene de desempe\u00f1arse en la constructora Lossi, de Paran\u00e1.<\/p>\n\n\n\n<p>El cambio se da tras los movimientos ocurridos a nivel nacional en la c\u00fapula de Vialidad; Ra\u00fal B\u00e9rtola dej\u00f3 su cargo en el organismo a cargo del mantenimiento y las obras de las rutas. Y fue nombrado su sucesor, el ingeniero Marcelo Jorge Campoy.<\/p>\n\n\n\n<p>Vale recordar que el nuevo jefe de Vialidad ya estuvo al frente del organismo en el \u00faltimo per\u00edodo de gobierno de Carlos Sa\u00fal Menem, en 1999, cuando sustituy\u00f3 a Guillermo Cabana.<\/p>\n","protected":false},"excerpt":{"rendered":"<p>&ldquo;Lamentablemente, hoy es mi &uacute;ltimo d&iacute;a en Vialidad Nacional&rdquo;, expres&oacute; Marcone. El gobierno de Javier Milei reemplaz&oacute; a los funcionarios de varias provincias, seg&uacute;n se dio a conocer. El arquitecto Guillermo Marcone fue apartado de la conducci&oacute;n del Distrito Entre R&iacute;os de Vialidad Nacional. &ldquo;Lamentablemente, hoy es mi &uacute;ltimo d&iacute;a en Vialidad Nacional&rdquo;, se&ntilde;al&oacute;. &ldquo;Nos [&hellip;]<\/p>\n","protected":false},"author":2,"featured_media":1799,"comment_status":"open","ping_status":"open","sticky":false,"template":"","format":"standard","meta":{"footnotes":""},"categories":[11,4],"tags":[693,33,922,923,39,921],"class_list":["post-1798","post","type-post","status-publish","format-standard","has-post-thumbnail","hentry","category-politica","category-provinciales","tag-distrito","tag-entre-rios","tag-guillermo-marcone","tag-leandro-hernan-burgos","tag-rogelio-frigerio","tag-vialidad-nacional"],"_links":{"self":[{"href":"https:\/\/impactodenoticias.com.ar\/index.php?rest_route=\/wp\/v2\/posts\/1798","targetHints":{"allow":["GET"]}}],"collection":[{"href":"https:\/\/impactodenoticias.com.ar\/index.php?rest_route=\/wp\/v2\/posts"}],"about":[{"href":"https:\/\/impactodenoticias.com.ar\/index.php?rest_route=\/wp\/v2\/types\/post"}],"author":[{"embeddable":true,"href":"https:\/\/impactodenoticias.com.ar\/index.php?rest_route=\/wp\/v2\/users\/2"}],"replies":[{"embeddable":true,"href":"https:\/\/impactodenoticias.com.ar\/index.php?rest_route=%2Fwp%2Fv2%2Fcomments&post=1798"}],"version-history":[{"count":1,"href":"https:\/\/impactodenoticias.com.ar\/index.php?rest_route=\/wp\/v2\/posts\/1798\/revisions"}],"predecessor-version":[{"id":1800,"href":"https:\/\/impactodenoticias.com.ar\/index.php?rest_route=\/wp\/v2\/posts\/1798\/revisions\/1800"}],"wp:featuredmedia":[{"embeddable":true,"href":"https:\/\/impactodenoticias.com.ar\/index.php?rest_route=\/wp\/v2\/media\/1799"}],"wp:attachment":[{"href":"https:\/\/impactodenoticias.com.ar\/index.php?rest_route=%2Fwp%2Fv2%2Fmedia&parent=1798"}],"wp:term":[{"taxonomy":"category","embeddable":true,"href":"https:\/\/impactodenoticias.com.ar\/index.php?rest_route=%2Fwp%2Fv2%2Fcategories&post=1798"},{"taxonomy":"post_tag","embeddable":true,"href":"https:\/\/impactodenoticias.com.ar\/index.php?rest_route=%2Fwp%2Fv2%2Ftags&post=1798"}],"curies":[{"name":"wp","href":"https:\/\/api.w.org\/{rel}","templated":true}]}}