{"id":1802,"date":"2024-08-01T09:08:11","date_gmt":"2024-08-01T12:08:11","guid":{"rendered":"https:\/\/impactodenoticias.com.ar\/?p=1802"},"modified":"2024-08-01T09:08:12","modified_gmt":"2024-08-01T12:08:12","slug":"clima-en-entre-rios-se-esperan-posibles-lluvias-y-tormentas-en-la-provincia","status":"publish","type":"post","link":"https:\/\/impactodenoticias.com.ar\/?p=1802","title":{"rendered":"Clima en Entre R\u00edos: se esperan posibles lluvias y tormentas en la provincia"},"content":{"rendered":"\n<p><strong>Este jueves y viernes ser\u00e1n d\u00edas de mucho calor en pleno invierno. Con el correr de los d\u00edas anuncian la posibilidad de inestabilidades en algunas zonas de Entre R\u00edos.<\/strong><\/p>\n\n\n\n<p>El Servicio Meteorol\u00f3gico Nacional -SMN- pronostica d\u00edas de mucho calor y humedad para este jueves y viernes en Entre R\u00edos. El s\u00e1bado podr\u00edan registarse lluvias y tormentas aisladas en determinadas zonas de la provincia.<\/p>\n\n\n\n<p>Para esta jornada de jueves, se aguardan m\u00ednimas de 17 grados y m\u00e1ximas de entre 28 y 29 grados, con nubosidad y ventoso. La humedad oscila hoy entre el 79 y 83% en la provincia.<\/p>\n\n\n\n<p>Para el viernes se espera una suba de las temperaturas, con m\u00ednimas de entre 20 y 22 grados y m\u00e1ximas de 30 y 31 grados. La nubosidad ir\u00e1 en aumento y se espera viento norte, con r\u00e1fagas de hasta 69 Km\/h.<\/p>\n\n\n\n<p>Las inestabilidades no ser\u00edan significativas, pero s\u00ed hay probabilidad que se produzcan algunas precipitaciones tras la llegada de un sistema frontal que provocar\u00e1 un cambio en las condiciones del tiempo.<\/p>\n\n\n\n<p>En Paran\u00e1, La Paz, Diamante, Nogoy\u00e1 y Villaguay se pronostican posibles tormentas aisladas el s\u00e1bado de ma\u00f1ana y chaparrones por la tarde noche.<\/p>\n\n\n\n<p>Mientran que en Concordia, Federal, Federaci\u00f3n, Feliciano y San Salvador se aguardan cielo mayormente nublado el s\u00e1bado de ma\u00f1ana y tormentas aisladas por la tarde noche.<\/p>\n\n\n\n<p>En Uruguay, Gualeguaych\u00fa, Tala, Islas del Ibicuy y Col\u00f3n tambi\u00e9n se esperan posibles tormentas aisladas el s\u00e1bado de ma\u00f1ana y chaparrones por la tarde noche.<\/p>\n\n\n\n<p>En Victoria y Gualeguay, anticipan algunas tormentas aisladas por la ma\u00f1ana del s\u00e1bado y chaparrones por la tarde noche.<\/p>\n\n\n\n<p><strong>Clima en las principales ciudades entrerrianas<\/strong><\/p>\n\n\n\n<p><\/p>\n\n\n\n<figure class=\"wp-block-image size-full\"><img loading=\"lazy\" decoding=\"async\" width=\"680\" height=\"557\" src=\"https:\/\/impactodenoticias.com.ar\/wp-content\/uploads\/2024\/08\/scrnli_1_8_2024_9-06-35.png\" alt=\"\" class=\"wp-image-1803\" srcset=\"https:\/\/impactodenoticias.com.ar\/wp-content\/uploads\/2024\/08\/scrnli_1_8_2024_9-06-35.png 680w, https:\/\/impactodenoticias.com.ar\/wp-content\/uploads\/2024\/08\/scrnli_1_8_2024_9-06-35-300x246.png 300w\" sizes=\"auto, (max-width: 680px) 100vw, 680px\" \/><\/figure>\n","protected":false},"excerpt":{"rendered":"<p>Este jueves y viernes ser&aacute;n d&iacute;as de mucho calor en pleno invierno. Con el correr de los d&iacute;as anuncian la posibilidad de inestabilidades en algunas zonas de Entre R&iacute;os. El Servicio Meteorol&oacute;gico Nacional -SMN- pronostica d&iacute;as de mucho calor y humedad para este jueves y viernes en Entre R&iacute;os. El s&aacute;bado podr&iacute;an registarse lluvias y [&hellip;]<\/p>\n","protected":false},"author":2,"featured_media":1804,"comment_status":"open","ping_status":"open","sticky":false,"template":"","format":"standard","meta":{"footnotes":""},"categories":[49],"tags":[38,33],"class_list":["post-1802","post","type-post","status-publish","format-standard","has-post-thumbnail","hentry","category-sociedad","tag-clima","tag-entre-rios"],"_links":{"self":[{"href":"https:\/\/impactodenoticias.com.ar\/index.php?rest_route=\/wp\/v2\/posts\/1802","targetHints":{"allow":["GET"]}}],"collection":[{"href":"https:\/\/impactodenoticias.com.ar\/index.php?rest_route=\/wp\/v2\/posts"}],"about":[{"href":"https:\/\/impactodenoticias.com.ar\/index.php?rest_route=\/wp\/v2\/types\/post"}],"author":[{"embeddable":true,"href":"https:\/\/impactodenoticias.com.ar\/index.php?rest_route=\/wp\/v2\/users\/2"}],"replies":[{"embeddable":true,"href":"https:\/\/impactodenoticias.com.ar\/index.php?rest_route=%2Fwp%2Fv2%2Fcomments&post=1802"}],"version-history":[{"count":1,"href":"https:\/\/impactodenoticias.com.ar\/index.php?rest_route=\/wp\/v2\/posts\/1802\/revisions"}],"predecessor-version":[{"id":1805,"href":"https:\/\/impactodenoticias.com.ar\/index.php?rest_route=\/wp\/v2\/posts\/1802\/revisions\/1805"}],"wp:featuredmedia":[{"embeddable":true,"href":"https:\/\/impactodenoticias.com.ar\/index.php?rest_route=\/wp\/v2\/media\/1804"}],"wp:attachment":[{"href":"https:\/\/impactodenoticias.com.ar\/index.php?rest_route=%2Fwp%2Fv2%2Fmedia&parent=1802"}],"wp:term":[{"taxonomy":"category","embeddable":true,"href":"https:\/\/impactodenoticias.com.ar\/index.php?rest_route=%2Fwp%2Fv2%2Fcategories&post=1802"},{"taxonomy":"post_tag","embeddable":true,"href":"https:\/\/impactodenoticias.com.ar\/index.php?rest_route=%2Fwp%2Fv2%2Ftags&post=1802"}],"curies":[{"name":"wp","href":"https:\/\/api.w.org\/{rel}","templated":true}]}}