{"id":1809,"date":"2024-08-01T09:39:50","date_gmt":"2024-08-01T12:39:50","guid":{"rendered":"https:\/\/impactodenoticias.com.ar\/?p=1809"},"modified":"2024-08-01T09:39:51","modified_gmt":"2024-08-01T12:39:51","slug":"buscan-intensamente-a-joven-entrerriano-desaparecido-en-buenos-aires","status":"publish","type":"post","link":"https:\/\/impactodenoticias.com.ar\/?p=1809","title":{"rendered":"Buscan intensamente a joven entrerriano desaparecido en Buenos Aires"},"content":{"rendered":"\n<p><strong>Solicitan ayuda para localizar a un joven entrerriano que est\u00e1 desaparecido en Buenos Aires. Tiene 23 a\u00f1os y no se tienen datos sobre su paradero.<\/strong><\/p>\n\n\n\n<p>Familiares y amigos de Mat\u00edas Nahuel Maldonado, de 23 a\u00f1os, informaron sobre su desaparici\u00f3n y activaron su b\u00fasqueda. Es oriundo de Concepci\u00f3n del Uruguay.<\/p>\n\n\n\n<p>El joven entrerriano fue visto por \u00faltima vez el pasado 18 de Julio en Caballito, Capital Federal, seg\u00fan informaci\u00f3n recavada por los familiares.<\/p>\n\n\n\n<p>Solicitan colaboraci\u00f3n de la poblaci\u00f3n sobre cualquier dato que puedan aportar, podr\u00e1n hacerlo al 3442-403516 \u00f3 3442-403494.<\/p>\n","protected":false},"excerpt":{"rendered":"<p>Solicitan ayuda para localizar a un joven entrerriano que est&aacute; desaparecido en Buenos Aires. Tiene 23 a&ntilde;os y no se tienen datos sobre su paradero. Familiares y amigos de Mat&iacute;as Nahuel Maldonado, de 23 a&ntilde;os, informaron sobre su desaparici&oacute;n y activaron su b&uacute;squeda. Es oriundo de Concepci&oacute;n del Uruguay. El joven entrerriano fue visto por [&hellip;]<\/p>\n","protected":false},"author":2,"featured_media":1810,"comment_status":"open","ping_status":"open","sticky":false,"template":"","format":"standard","meta":{"footnotes":""},"categories":[8,4],"tags":[251,926],"class_list":["post-1809","post","type-post","status-publish","format-standard","has-post-thumbnail","hentry","category-policiales","category-provinciales","tag-busqueda","tag-matias-nahuel-maldonado"],"_links":{"self":[{"href":"https:\/\/impactodenoticias.com.ar\/index.php?rest_route=\/wp\/v2\/posts\/1809","targetHints":{"allow":["GET"]}}],"collection":[{"href":"https:\/\/impactodenoticias.com.ar\/index.php?rest_route=\/wp\/v2\/posts"}],"about":[{"href":"https:\/\/impactodenoticias.com.ar\/index.php?rest_route=\/wp\/v2\/types\/post"}],"author":[{"embeddable":true,"href":"https:\/\/impactodenoticias.com.ar\/index.php?rest_route=\/wp\/v2\/users\/2"}],"replies":[{"embeddable":true,"href":"https:\/\/impactodenoticias.com.ar\/index.php?rest_route=%2Fwp%2Fv2%2Fcomments&post=1809"}],"version-history":[{"count":1,"href":"https:\/\/impactodenoticias.com.ar\/index.php?rest_route=\/wp\/v2\/posts\/1809\/revisions"}],"predecessor-version":[{"id":1811,"href":"https:\/\/impactodenoticias.com.ar\/index.php?rest_route=\/wp\/v2\/posts\/1809\/revisions\/1811"}],"wp:featuredmedia":[{"embeddable":true,"href":"https:\/\/impactodenoticias.com.ar\/index.php?rest_route=\/wp\/v2\/media\/1810"}],"wp:attachment":[{"href":"https:\/\/impactodenoticias.com.ar\/index.php?rest_route=%2Fwp%2Fv2%2Fmedia&parent=1809"}],"wp:term":[{"taxonomy":"category","embeddable":true,"href":"https:\/\/impactodenoticias.com.ar\/index.php?rest_route=%2Fwp%2Fv2%2Fcategories&post=1809"},{"taxonomy":"post_tag","embeddable":true,"href":"https:\/\/impactodenoticias.com.ar\/index.php?rest_route=%2Fwp%2Fv2%2Ftags&post=1809"}],"curies":[{"name":"wp","href":"https:\/\/api.w.org\/{rel}","templated":true}]}}