{"id":1890,"date":"2024-08-03T10:10:44","date_gmt":"2024-08-03T13:10:44","guid":{"rendered":"https:\/\/impactodenoticias.com.ar\/?p=1890"},"modified":"2024-08-03T10:10:45","modified_gmt":"2024-08-03T13:10:45","slug":"entre-rios-rige-alerta-por-tormentas-fuertes-rafagas-de-viento-y-se-espera-una-maxima-de-22oc-para-este-sabado","status":"publish","type":"post","link":"https:\/\/impactodenoticias.com.ar\/?p=1890","title":{"rendered":"Entre R\u00edos: rige alerta por tormentas, fuertes r\u00e1fagas de viento y se espera una m\u00e1xima de 22\u00baC para este s\u00e1bado"},"content":{"rendered":"\n<p><strong>El Servicio Meteorol\u00f3gico Nacional (SMN), emiti\u00f3 un aviso a corto plazo por tormentas fuertes con lluvias intensas y r\u00e1fagas para la gran parte del territorio de Entre R\u00edos.<\/strong><\/p>\n\n\n\n<p>De acuerdo a la informaci\u00f3n brindada por el Servicio Meteorol\u00f3gico Nacional, se prev\u00e9n tormentas fuertes para la ma\u00f1ana de este s\u00e1bado, con fuertes r\u00e1fagas de viento sur de entre 60 y 69 km\/h; chaparrones por la tarde con r\u00e1fagas de entre 51 y 59 km\/h; y cielo parcialmente nublado hacia la noche con r\u00e1fagas de entre 42 y 50 km\/h. Las temperaturas oscilar\u00e1n entre los 15 y 22\u00baC durante la jornada.<\/p>\n\n\n\n<p>El SMN informa que rige una alerta amarilla por tormentas que se extiende hacia la mayor parte de la provincia de Entre R\u00edos, afectando a los departamentos Col\u00f3n, Gualeguaych\u00fa, Islas del Ibicuy, Tala, Uruguay, Diamante, La Paz, Nogoy\u00e1, Paran\u00e1 y Villaguay.<\/p>\n\n\n\n<p>\u201cEl \u00e1rea ser\u00e1 afectada por tormentas aisladas, algunas localmente fuertes. Las mismas pueden estar acompa\u00f1adas con r\u00e1fagas del sector sur que pueden superar los 70 km\/h\u201d, se\u00f1ala el parte del organismo nacional, que adem\u00e1s alerta: \u201cTambi\u00e9n pueden tener intensa actividad el\u00e9ctrica, y ocasional ca\u00edda de granizo peque\u00f1o\u201d. \u201cSe estiman valores de precipitaci\u00f3n acumulada entre los 20 y 45 mm\u201d, informa el SMN.<\/p>\n\n\n\n<p><\/p>\n\n\n\n<figure class=\"wp-block-image size-large\"><img loading=\"lazy\" decoding=\"async\" width=\"1024\" height=\"683\" src=\"https:\/\/impactodenoticias.com.ar\/wp-content\/uploads\/2024\/08\/l_o_1722681038_63521-1024x683.webp\" alt=\"\" class=\"wp-image-1891\" srcset=\"https:\/\/impactodenoticias.com.ar\/wp-content\/uploads\/2024\/08\/l_o_1722681038_63521-1024x683.webp 1024w, https:\/\/impactodenoticias.com.ar\/wp-content\/uploads\/2024\/08\/l_o_1722681038_63521-300x200.webp 300w, https:\/\/impactodenoticias.com.ar\/wp-content\/uploads\/2024\/08\/l_o_1722681038_63521-768x512.webp 768w, https:\/\/impactodenoticias.com.ar\/wp-content\/uploads\/2024\/08\/l_o_1722681038_63521.webp 1200w\" sizes=\"auto, (max-width: 1024px) 100vw, 1024px\" \/><\/figure>\n\n\n\n<p><\/p>\n\n\n\n<p>A las 07:18 de este s\u00e1bado, el SMN emiti\u00f3 un aviso a corto plazo por tormentas fuertes con lluvias intensas y r\u00e1fagas para Col\u00f3n, Concepci\u00f3n del Uruguay, Diamante, Gualeguay, Gualeguaych\u00fa, Islas del Ibicuy, La Paz, Nogoy\u00e1, Paran\u00e1, San Salvador, Tala, Victoria y Villaguay. El aviso tiene una validez de tres horas desde su emisi\u00f3n.<\/p>\n\n\n\n<p>Para este domingo, se pronostica cielo mayormente nublado con r\u00e1fagas de viento sudeste de entre 42 y 50 km\/h por la ma\u00f1ana y, hacia la noche, parcialmente nublado con vientos que soplar\u00e1n del este. Las marcas t\u00e9rmicas que rondar\u00e1n entre los 13 y 21\u00baC.<\/p>\n\n\n\n<p><\/p>\n\n\n\n<figure class=\"wp-block-image size-large\"><img loading=\"lazy\" decoding=\"async\" width=\"1024\" height=\"646\" src=\"https:\/\/impactodenoticias.com.ar\/wp-content\/uploads\/2024\/08\/scrnli_3_8_2024_9-52-26-1024x646.png\" alt=\"\" class=\"wp-image-1892\" srcset=\"https:\/\/impactodenoticias.com.ar\/wp-content\/uploads\/2024\/08\/scrnli_3_8_2024_9-52-26-1024x646.png 1024w, https:\/\/impactodenoticias.com.ar\/wp-content\/uploads\/2024\/08\/scrnli_3_8_2024_9-52-26-300x189.png 300w, https:\/\/impactodenoticias.com.ar\/wp-content\/uploads\/2024\/08\/scrnli_3_8_2024_9-52-26-768x484.png 768w, https:\/\/impactodenoticias.com.ar\/wp-content\/uploads\/2024\/08\/scrnli_3_8_2024_9-52-26.png 1140w\" sizes=\"auto, (max-width: 1024px) 100vw, 1024px\" \/><\/figure>\n","protected":false},"excerpt":{"rendered":"<p>El Servicio Meteorol&oacute;gico Nacional (SMN), emiti&oacute; un aviso a corto plazo por tormentas fuertes con lluvias intensas y r&aacute;fagas para la gran parte del territorio de Entre R&iacute;os. De acuerdo a la informaci&oacute;n brindada por el Servicio Meteorol&oacute;gico Nacional, se prev&eacute;n tormentas fuertes para la ma&ntilde;ana de este s&aacute;bado, con fuertes r&aacute;fagas de viento sur [&hellip;]<\/p>\n","protected":false},"author":2,"featured_media":1893,"comment_status":"open","ping_status":"open","sticky":false,"template":"","format":"standard","meta":{"footnotes":""},"categories":[4,49],"tags":[38,33],"class_list":["post-1890","post","type-post","status-publish","format-standard","has-post-thumbnail","hentry","category-provinciales","category-sociedad","tag-clima","tag-entre-rios"],"_links":{"self":[{"href":"https:\/\/impactodenoticias.com.ar\/index.php?rest_route=\/wp\/v2\/posts\/1890","targetHints":{"allow":["GET"]}}],"collection":[{"href":"https:\/\/impactodenoticias.com.ar\/index.php?rest_route=\/wp\/v2\/posts"}],"about":[{"href":"https:\/\/impactodenoticias.com.ar\/index.php?rest_route=\/wp\/v2\/types\/post"}],"author":[{"embeddable":true,"href":"https:\/\/impactodenoticias.com.ar\/index.php?rest_route=\/wp\/v2\/users\/2"}],"replies":[{"embeddable":true,"href":"https:\/\/impactodenoticias.com.ar\/index.php?rest_route=%2Fwp%2Fv2%2Fcomments&post=1890"}],"version-history":[{"count":1,"href":"https:\/\/impactodenoticias.com.ar\/index.php?rest_route=\/wp\/v2\/posts\/1890\/revisions"}],"predecessor-version":[{"id":1894,"href":"https:\/\/impactodenoticias.com.ar\/index.php?rest_route=\/wp\/v2\/posts\/1890\/revisions\/1894"}],"wp:featuredmedia":[{"embeddable":true,"href":"https:\/\/impactodenoticias.com.ar\/index.php?rest_route=\/wp\/v2\/media\/1893"}],"wp:attachment":[{"href":"https:\/\/impactodenoticias.com.ar\/index.php?rest_route=%2Fwp%2Fv2%2Fmedia&parent=1890"}],"wp:term":[{"taxonomy":"category","embeddable":true,"href":"https:\/\/impactodenoticias.com.ar\/index.php?rest_route=%2Fwp%2Fv2%2Fcategories&post=1890"},{"taxonomy":"post_tag","embeddable":true,"href":"https:\/\/impactodenoticias.com.ar\/index.php?rest_route=%2Fwp%2Fv2%2Ftags&post=1890"}],"curies":[{"name":"wp","href":"https:\/\/api.w.org\/{rel}","templated":true}]}}