{"id":1895,"date":"2024-08-03T10:18:12","date_gmt":"2024-08-03T13:18:12","guid":{"rendered":"https:\/\/impactodenoticias.com.ar\/?p=1895"},"modified":"2024-08-03T10:18:13","modified_gmt":"2024-08-03T13:18:13","slug":"motociclista-tuvo-que-ser-hospitalizado-tras-sufrir-un-grave-accidente-en-parana","status":"publish","type":"post","link":"https:\/\/impactodenoticias.com.ar\/?p=1895","title":{"rendered":"Motociclista tuvo que ser hospitalizado tras sufrir un grave accidente en Paran\u00e1"},"content":{"rendered":"\n<p><strong>Hospitalizaron en el Hospital San Mart\u00edn, en grave estado a un hombre que choc\u00f3 su moto contra un colectivo.<\/strong><\/p>\n\n\n\n<p>Debido a las graves heridas sufridas, el conductor del rodado de menor porte fue asistido por bomberos y polic\u00edas ya que hab\u00eda quedado atrapado bajo la carrocer\u00eda del colectivo.<\/p>\n\n\n\n<p>Se trata de una moto Zanella ZB 110 y un colectivo urbano en la intersecci\u00f3n de avenida Ram\u00edrez y calle 17 de Octubre en Paran\u00e1.<\/p>\n\n\n\n<p><\/p>\n\n\n\n<figure class=\"wp-block-image size-full\"><img loading=\"lazy\" decoding=\"async\" width=\"900\" height=\"600\" src=\"https:\/\/impactodenoticias.com.ar\/wp-content\/uploads\/2024\/08\/e_o_1722685542_32925.webp\" alt=\"\" class=\"wp-image-1896\" srcset=\"https:\/\/impactodenoticias.com.ar\/wp-content\/uploads\/2024\/08\/e_o_1722685542_32925.webp 900w, https:\/\/impactodenoticias.com.ar\/wp-content\/uploads\/2024\/08\/e_o_1722685542_32925-300x200.webp 300w, https:\/\/impactodenoticias.com.ar\/wp-content\/uploads\/2024\/08\/e_o_1722685542_32925-768x512.webp 768w\" sizes=\"auto, (max-width: 900px) 100vw, 900px\" \/><\/figure>\n\n\n\n<p><\/p>\n\n\n\n<figure class=\"wp-block-image size-large\"><img loading=\"lazy\" decoding=\"async\" width=\"1024\" height=\"683\" src=\"https:\/\/impactodenoticias.com.ar\/wp-content\/uploads\/2024\/08\/l_o_1722685542_54111-1024x683.webp\" alt=\"\" class=\"wp-image-1897\" srcset=\"https:\/\/impactodenoticias.com.ar\/wp-content\/uploads\/2024\/08\/l_o_1722685542_54111-1024x683.webp 1024w, https:\/\/impactodenoticias.com.ar\/wp-content\/uploads\/2024\/08\/l_o_1722685542_54111-300x200.webp 300w, https:\/\/impactodenoticias.com.ar\/wp-content\/uploads\/2024\/08\/l_o_1722685542_54111-768x512.webp 768w, https:\/\/impactodenoticias.com.ar\/wp-content\/uploads\/2024\/08\/l_o_1722685542_54111.webp 1200w\" sizes=\"auto, (max-width: 1024px) 100vw, 1024px\" \/><\/figure>\n\n\n\n<p><\/p>\n\n\n\n<p>Como consecuencia del accidente vial, registrado en las primeras horas de la ma\u00f1ana de este s\u00e1bado, el conductor de la noto, debi\u00f3 ser asistido por bomberos y polic\u00edas ya que hab\u00eda quedado atrapado bajo la carrocer\u00eda del interno 2406 de la L\u00ednea 10.<\/p>\n\n\n\n<p>Tras arduas tareas de las fuerzas de seguridad, el hombre de 30 a\u00f1os, pudo ser retirado del lugar y fue trasladado al Hospital San Mart\u00edn, donde se encuentra intubado, en grave estado en terapia intensiva.<\/p>\n","protected":false},"excerpt":{"rendered":"<p>Hospitalizaron en el Hospital San Mart&iacute;n, en grave estado a un hombre que choc&oacute; su moto contra un colectivo. Debido a las graves heridas sufridas, el conductor del rodado de menor porte fue asistido por bomberos y polic&iacute;as ya que hab&iacute;a quedado atrapado bajo la carrocer&iacute;a del colectivo. Se trata de una moto Zanella ZB [&hellip;]<\/p>\n","protected":false},"author":2,"featured_media":1899,"comment_status":"open","ping_status":"open","sticky":false,"template":"","format":"standard","meta":{"footnotes":""},"categories":[3,8],"tags":[120,482,389,388,95],"class_list":["post-1895","post","type-post","status-publish","format-standard","has-post-thumbnail","hentry","category-locales","category-policiales","tag-accidente","tag-colectivo","tag-herido","tag-moto","tag-parana"],"_links":{"self":[{"href":"https:\/\/impactodenoticias.com.ar\/index.php?rest_route=\/wp\/v2\/posts\/1895","targetHints":{"allow":["GET"]}}],"collection":[{"href":"https:\/\/impactodenoticias.com.ar\/index.php?rest_route=\/wp\/v2\/posts"}],"about":[{"href":"https:\/\/impactodenoticias.com.ar\/index.php?rest_route=\/wp\/v2\/types\/post"}],"author":[{"embeddable":true,"href":"https:\/\/impactodenoticias.com.ar\/index.php?rest_route=\/wp\/v2\/users\/2"}],"replies":[{"embeddable":true,"href":"https:\/\/impactodenoticias.com.ar\/index.php?rest_route=%2Fwp%2Fv2%2Fcomments&post=1895"}],"version-history":[{"count":1,"href":"https:\/\/impactodenoticias.com.ar\/index.php?rest_route=\/wp\/v2\/posts\/1895\/revisions"}],"predecessor-version":[{"id":1900,"href":"https:\/\/impactodenoticias.com.ar\/index.php?rest_route=\/wp\/v2\/posts\/1895\/revisions\/1900"}],"wp:featuredmedia":[{"embeddable":true,"href":"https:\/\/impactodenoticias.com.ar\/index.php?rest_route=\/wp\/v2\/media\/1899"}],"wp:attachment":[{"href":"https:\/\/impactodenoticias.com.ar\/index.php?rest_route=%2Fwp%2Fv2%2Fmedia&parent=1895"}],"wp:term":[{"taxonomy":"category","embeddable":true,"href":"https:\/\/impactodenoticias.com.ar\/index.php?rest_route=%2Fwp%2Fv2%2Fcategories&post=1895"},{"taxonomy":"post_tag","embeddable":true,"href":"https:\/\/impactodenoticias.com.ar\/index.php?rest_route=%2Fwp%2Fv2%2Ftags&post=1895"}],"curies":[{"name":"wp","href":"https:\/\/api.w.org\/{rel}","templated":true}]}}