{"id":1901,"date":"2024-08-03T10:31:41","date_gmt":"2024-08-03T13:31:41","guid":{"rendered":"https:\/\/impactodenoticias.com.ar\/?p=1901"},"modified":"2024-08-03T10:38:16","modified_gmt":"2024-08-03T13:38:16","slug":"se-incendio-un-micro-con-37-pasajeros-a-bordo-sobre-la-ruta-14-en-inmediaciones-de-gualeguaychu","status":"publish","type":"post","link":"https:\/\/impactodenoticias.com.ar\/?p=1901","title":{"rendered":"Se incendi\u00f3 un micro con 37 pasajeros a bordo sobre la ruta 14 en inmediaciones de Gualeguaych\u00fa"},"content":{"rendered":"\n<h3 class=\"wp-block-heading\">Un micro de larga distancia se incendi\u00f3 en ruta 14 cerca de Gualeguaych\u00fa. Afortunadamente los 37 pasajeros y los choferes resultaron ilesos. El incidente gener\u00f3 un operativo de emergencia en la zona.<\/h3>\n\n\n\n<p>Un micro de larga distancia de la empresa Expreso Paraguay se prendi\u00f3 fuego en el kil\u00f3metro 53.5 de la autov\u00eda ruta nacional 14, a pocos kil\u00f3metros de Gualeguaych\u00fa. El siniestro se produjo cerca de las 22 del viernes. Los 37 pasajeros que viajaban desde Buenos Aires hacia Asunci\u00f3n del Paraguay salvaron sus vidas.<\/p>\n\n\n\n<p>El fuego se declar\u00f3 en la parte trasera del colectivo y fue detectado por el conductor, quien decidi\u00f3 evacuar de inmediato a todos los pasajeros. En ese momento, transitaban sobre el kil\u00f3metro 52 a 53 de la ruta nacional 14, frente a paradores y estaciones de servicio.<\/p>\n\n\n\n<p>Dos dotaciones de Bomberos Voluntarios de Gualeguaych\u00fa y agentes de la comisar\u00eda S\u00e9ptima se movilizaron r\u00e1pidamente para controlar el incendio, que consumi\u00f3 por completo la unidad. Afortunadamente, no se produjeron heridas en los pasajeros ni en los choferes. Se trata de un colectivo de una l\u00ednea paraguaya que sali\u00f3 desde la Ciudad de Buenos Aires con destino a Asunci\u00f3n del Paraguay.<\/p>\n\n\n\n<p>El personal de la Direcci\u00f3n de Prevenci\u00f3n y Seguridad Vial del puesto caminero Gualeguaych\u00fa efectiviz\u00f3 un corte de la ruta durante los primeros minutos para facilitar el trabajo de los bomberos. Para las 22:45, el tr\u00e1nsito fue liberado parcialmente y, unos minutos antes de la 1 de la madrugada, se removi\u00f3 el colectivo del costado de la ruta, restableciendo por completo la circulaci\u00f3n, informaron desde el Escuadr\u00f3n 56 de Gendarmer\u00eda Nacional.<\/p>\n","protected":false},"excerpt":{"rendered":"<p>Un micro de larga distancia se incendi&oacute; en ruta 14 cerca de Gualeguaych&uacute;. Afortunadamente los 37 pasajeros y los choferes resultaron ilesos. El incidente gener&oacute; un operativo de emergencia en la zona. Un micro de larga distancia de la empresa Expreso Paraguay se prendi&oacute; fuego en el kil&oacute;metro 53.5 de la autov&iacute;a ruta nacional 14, [&hellip;]<\/p>\n","protected":false},"author":2,"featured_media":1902,"comment_status":"open","ping_status":"open","sticky":false,"template":"","format":"standard","meta":{"footnotes":""},"categories":[8,4],"tags":[806,227,228,828],"class_list":["post-1901","post","type-post","status-publish","format-standard","has-post-thumbnail","hentry","category-policiales","category-provinciales","tag-gualeguaychu-2","tag-incendio","tag-micro","tag-ruta-14"],"_links":{"self":[{"href":"https:\/\/impactodenoticias.com.ar\/index.php?rest_route=\/wp\/v2\/posts\/1901","targetHints":{"allow":["GET"]}}],"collection":[{"href":"https:\/\/impactodenoticias.com.ar\/index.php?rest_route=\/wp\/v2\/posts"}],"about":[{"href":"https:\/\/impactodenoticias.com.ar\/index.php?rest_route=\/wp\/v2\/types\/post"}],"author":[{"embeddable":true,"href":"https:\/\/impactodenoticias.com.ar\/index.php?rest_route=\/wp\/v2\/users\/2"}],"replies":[{"embeddable":true,"href":"https:\/\/impactodenoticias.com.ar\/index.php?rest_route=%2Fwp%2Fv2%2Fcomments&post=1901"}],"version-history":[{"count":2,"href":"https:\/\/impactodenoticias.com.ar\/index.php?rest_route=\/wp\/v2\/posts\/1901\/revisions"}],"predecessor-version":[{"id":1904,"href":"https:\/\/impactodenoticias.com.ar\/index.php?rest_route=\/wp\/v2\/posts\/1901\/revisions\/1904"}],"wp:featuredmedia":[{"embeddable":true,"href":"https:\/\/impactodenoticias.com.ar\/index.php?rest_route=\/wp\/v2\/media\/1902"}],"wp:attachment":[{"href":"https:\/\/impactodenoticias.com.ar\/index.php?rest_route=%2Fwp%2Fv2%2Fmedia&parent=1901"}],"wp:term":[{"taxonomy":"category","embeddable":true,"href":"https:\/\/impactodenoticias.com.ar\/index.php?rest_route=%2Fwp%2Fv2%2Fcategories&post=1901"},{"taxonomy":"post_tag","embeddable":true,"href":"https:\/\/impactodenoticias.com.ar\/index.php?rest_route=%2Fwp%2Fv2%2Ftags&post=1901"}],"curies":[{"name":"wp","href":"https:\/\/api.w.org\/{rel}","templated":true}]}}