{"id":1905,"date":"2024-08-03T10:40:37","date_gmt":"2024-08-03T13:40:37","guid":{"rendered":"https:\/\/impactodenoticias.com.ar\/?p=1905"},"modified":"2024-08-03T10:46:45","modified_gmt":"2024-08-03T13:46:45","slug":"autovia-14-volco-un-camion-de-caudales-y-dos-personas-tuvieron-que-ser-hospitalizadas","status":"publish","type":"post","link":"https:\/\/impactodenoticias.com.ar\/?p=1905","title":{"rendered":"Autov\u00eda 14: volc\u00f3 un cami\u00f3n de transporte de caudales y dos personas tuvieron que ser hospitalizadas"},"content":{"rendered":"\n<h3 class=\"wp-block-heading\">Un cami\u00f3n de transporte de caudales volc\u00f3 esta ma\u00f1ana en la Autov\u00eda 14, a la altura del km 132.5. A pesar de la violencia del accidente vial, los ocupantes resultaron ilesos, no obstante, dos fueron trasladados al hospital como precauci\u00f3n.<\/h3>\n\n\n\n<p>Un cami\u00f3n de caudales volc\u00f3 en la Autov\u00eda 14, a la altura del kil\u00f3metro 132.5, en la ma\u00f1ana de este s\u00e1bado, a las 7:30. Afortunadamente, los cuatro ocupantes del veh\u00edculo resultaron ilesos. Sin embargo, dos de ellos fueron trasladados al hospital como medida de precauci\u00f3n, posteriormente se inform\u00f3 que se encontraban en buen estado de salud.<\/p>\n\n\n\n<p>El cami\u00f3n, que estaba transportando una carga de dinero, se dirig\u00eda a un supermercado de Concepci\u00f3n del Uruguay para realizar una entrega. De acuerdo a las primeras informaciones, el veh\u00edculo no declar\u00f3 la totalidad de su carga al momento del accidente. En el lugar, se dispuso que dos personas quedaran a resguardo de la carga hasta que se regularizara la situaci\u00f3n y se pudiera realizar el traslado seguro del dinero que se transportaba.<\/p>\n","protected":false},"excerpt":{"rendered":"<p>Un cami&oacute;n de transporte de caudales volc&oacute; esta ma&ntilde;ana en la Autov&iacute;a 14, a la altura del km 132.5. A pesar de la violencia del accidente vial, los ocupantes resultaron ilesos, no obstante, dos fueron trasladados al hospital como precauci&oacute;n. Un cami&oacute;n de caudales volc&oacute; en la Autov&iacute;a 14, a la altura del kil&oacute;metro 132.5, [&hellip;]<\/p>\n","protected":false},"author":2,"featured_media":1906,"comment_status":"open","ping_status":"open","sticky":false,"template":"","format":"standard","meta":{"footnotes":""},"categories":[8,4],"tags":[120,521,545,976,336],"class_list":["post-1905","post","type-post","status-publish","format-standard","has-post-thumbnail","hentry","category-policiales","category-provinciales","tag-accidente","tag-autovia-14","tag-camion","tag-caudales","tag-vuelco"],"_links":{"self":[{"href":"https:\/\/impactodenoticias.com.ar\/index.php?rest_route=\/wp\/v2\/posts\/1905","targetHints":{"allow":["GET"]}}],"collection":[{"href":"https:\/\/impactodenoticias.com.ar\/index.php?rest_route=\/wp\/v2\/posts"}],"about":[{"href":"https:\/\/impactodenoticias.com.ar\/index.php?rest_route=\/wp\/v2\/types\/post"}],"author":[{"embeddable":true,"href":"https:\/\/impactodenoticias.com.ar\/index.php?rest_route=\/wp\/v2\/users\/2"}],"replies":[{"embeddable":true,"href":"https:\/\/impactodenoticias.com.ar\/index.php?rest_route=%2Fwp%2Fv2%2Fcomments&post=1905"}],"version-history":[{"count":3,"href":"https:\/\/impactodenoticias.com.ar\/index.php?rest_route=\/wp\/v2\/posts\/1905\/revisions"}],"predecessor-version":[{"id":1909,"href":"https:\/\/impactodenoticias.com.ar\/index.php?rest_route=\/wp\/v2\/posts\/1905\/revisions\/1909"}],"wp:featuredmedia":[{"embeddable":true,"href":"https:\/\/impactodenoticias.com.ar\/index.php?rest_route=\/wp\/v2\/media\/1906"}],"wp:attachment":[{"href":"https:\/\/impactodenoticias.com.ar\/index.php?rest_route=%2Fwp%2Fv2%2Fmedia&parent=1905"}],"wp:term":[{"taxonomy":"category","embeddable":true,"href":"https:\/\/impactodenoticias.com.ar\/index.php?rest_route=%2Fwp%2Fv2%2Fcategories&post=1905"},{"taxonomy":"post_tag","embeddable":true,"href":"https:\/\/impactodenoticias.com.ar\/index.php?rest_route=%2Fwp%2Fv2%2Ftags&post=1905"}],"curies":[{"name":"wp","href":"https:\/\/api.w.org\/{rel}","templated":true}]}}