{"id":1910,"date":"2024-08-03T10:49:29","date_gmt":"2024-08-03T13:49:29","guid":{"rendered":"https:\/\/impactodenoticias.com.ar\/?p=1910"},"modified":"2024-08-03T10:51:01","modified_gmt":"2024-08-03T13:51:01","slug":"desde-el-lunes-5-de-agosto-el-peaje-en-el-tunel-subfluvial-costara-2-000","status":"publish","type":"post","link":"https:\/\/impactodenoticias.com.ar\/?p=1910","title":{"rendered":"Desde el lunes 5 de agosto el peaje en el T\u00fanel Subfluvial costar\u00e1 $2.000"},"content":{"rendered":"\n<p><strong>La tarifa m\u00ednima, para autom\u00f3viles y motos, ser\u00e1 de $ 2.000. El m\u00e1ximo de la escala ser\u00e1 de $ 17.000, se dio a conocer la actualizaci\u00f3n del cuadro tarifario que regir\u00e1 a partir de este lunes.<\/strong><\/p>\n\n\n\n<p>La Comisi\u00f3n Administradora del T\u00fanel Subfluvial \u00abRa\u00fal Uranga-Carlos Sylvestre Begnis\u00bb increment\u00f3 el peaje desde este lunes 5, en un esquema en el que sus tarifas m\u00ednimas (motos, autom\u00f3viles y otros veh\u00edculos de dos ejes) llegar\u00e1n a los $2.000.<\/p>\n\n\n\n<p>La decisi\u00f3n era impostergable por el aumento de los costos internos para su funcionamiento, en especial, la energ\u00eda el\u00e9ctrica que consume el sistema de ventilaci\u00f3n, as\u00ed como su mantenimiento, se\u00f1alaron.<\/p>\n\n\n\n<p>Hasta ahora el peaje m\u00e1s bajo del T\u00fanel era de $ 1.100, con este nuevo incremento casi se duplicar\u00e1 su valor. La escala llegaba a los $ 9.500 para veh\u00edculos de 6 ejes (camiones, \u00f3mnibus, maquinaria agr\u00edcola o vial), monto que trepar\u00e1 a 17 mil pesos.<\/p>\n\n\n\n<p>\u201cEn la actualizaci\u00f3n anterior se estaba pagando el valor de un alfajor\u201d, hab\u00eda comparado el representante del gobierno de Entre R\u00edos en el viaducto, Eduardo L\u00f3pez Segura, argumentando sobr el nuevo aumento en el costo del peaje en el T\u00fanel Subfluvial que une las ciudades de Paran\u00e1 y Santa Fe.<\/p>\n\n\n\n<p>Y agreg\u00f3 que, con la actualizaci\u00f3n del cuadro tarifario, el conductor de un auto pagar\u00eda 2.000 pesos, \u201clo que cuesta una gaseosa de dos litros\u201d.<\/p>\n\n\n\n<p><strong>Conforme a la disposici\u00f3n, las tarifas quedan de la siguiente manera:<\/strong><\/p>\n\n\n\n<p>Veh\u00edculos de hasta dos ejes y menos de 2,10 m. de altura y ruedas simples: $ 2.000.<\/p>\n\n\n\n<p>Veh\u00edculos de 3 y 4 ejes (autos o pick-ups con remolque, casas rodantes autopropulsadas): $ 3.700.<\/p>\n\n\n\n<p>Veh\u00edculos m\u00e1s de 2,10 m. de altura (camiones, \u00f3mnibus, maquinaria agr\u00edcola o vial) de 2 ejes: $ 6.600.<\/p>\n\n\n\n<p>Veh\u00edculos de 3 ejes: $ 10.000.Veh\u00edculos de 4 ejes: $ 11.000.<\/p>\n\n\n\n<p>Veh\u00edculos de 5 ejes: $ 14.000.Veh\u00edculos de 6 ejes: $ 17.000.<\/p>\n\n\n\n<p>Cabe se\u00f1alar que el esquema tarifario incluye un descuento del 50% para aquellos usuarios particulares que optan por comprar un abono y que para el tr\u00e1nsito de pasajeros o el transporte de cargas llega al 20%. Los tr\u00e1mites para la obtenci\u00f3n de este beneficio deben hacerse en forma presencial en las oficinas de administraci\u00f3n del t\u00fanel.<\/p>\n","protected":false},"excerpt":{"rendered":"<p>La tarifa m&iacute;nima, para autom&oacute;viles y motos, ser&aacute; de $ 2.000. El m&aacute;ximo de la escala ser&aacute; de $ 17.000, se dio a conocer la actualizaci&oacute;n del cuadro tarifario que regir&aacute; a partir de este lunes. La Comisi&oacute;n Administradora del T&uacute;nel Subfluvial &laquo;Ra&uacute;l Uranga-Carlos Sylvestre Begnis&raquo; increment&oacute; el peaje desde este lunes 5, en un [&hellip;]<\/p>\n","protected":false},"author":2,"featured_media":1911,"comment_status":"open","ping_status":"open","sticky":false,"template":"","format":"standard","meta":{"footnotes":""},"categories":[3,4,49],"tags":[57,977,855],"class_list":["post-1910","post","type-post","status-publish","format-standard","has-post-thumbnail","hentry","category-locales","category-provinciales","category-sociedad","tag-aumento","tag-peaje","tag-tunel-subfluvial"],"_links":{"self":[{"href":"https:\/\/impactodenoticias.com.ar\/index.php?rest_route=\/wp\/v2\/posts\/1910","targetHints":{"allow":["GET"]}}],"collection":[{"href":"https:\/\/impactodenoticias.com.ar\/index.php?rest_route=\/wp\/v2\/posts"}],"about":[{"href":"https:\/\/impactodenoticias.com.ar\/index.php?rest_route=\/wp\/v2\/types\/post"}],"author":[{"embeddable":true,"href":"https:\/\/impactodenoticias.com.ar\/index.php?rest_route=\/wp\/v2\/users\/2"}],"replies":[{"embeddable":true,"href":"https:\/\/impactodenoticias.com.ar\/index.php?rest_route=%2Fwp%2Fv2%2Fcomments&post=1910"}],"version-history":[{"count":3,"href":"https:\/\/impactodenoticias.com.ar\/index.php?rest_route=\/wp\/v2\/posts\/1910\/revisions"}],"predecessor-version":[{"id":1914,"href":"https:\/\/impactodenoticias.com.ar\/index.php?rest_route=\/wp\/v2\/posts\/1910\/revisions\/1914"}],"wp:featuredmedia":[{"embeddable":true,"href":"https:\/\/impactodenoticias.com.ar\/index.php?rest_route=\/wp\/v2\/media\/1911"}],"wp:attachment":[{"href":"https:\/\/impactodenoticias.com.ar\/index.php?rest_route=%2Fwp%2Fv2%2Fmedia&parent=1910"}],"wp:term":[{"taxonomy":"category","embeddable":true,"href":"https:\/\/impactodenoticias.com.ar\/index.php?rest_route=%2Fwp%2Fv2%2Fcategories&post=1910"},{"taxonomy":"post_tag","embeddable":true,"href":"https:\/\/impactodenoticias.com.ar\/index.php?rest_route=%2Fwp%2Fv2%2Ftags&post=1910"}],"curies":[{"name":"wp","href":"https:\/\/api.w.org\/{rel}","templated":true}]}}