{"id":2037,"date":"2024-08-06T09:30:00","date_gmt":"2024-08-06T12:30:00","guid":{"rendered":"https:\/\/impactodenoticias.com.ar\/?p=2037"},"modified":"2024-08-06T09:30:02","modified_gmt":"2024-08-06T12:30:02","slug":"suma-de-voluntades-presentara-una-documental-sobre-asentamientos-en-parana","status":"publish","type":"post","link":"https:\/\/impactodenoticias.com.ar\/?p=2037","title":{"rendered":"Suma de Voluntades presentar\u00e1 una documental sobre asentamientos en Paran\u00e1"},"content":{"rendered":"\n<p><strong>La ONG Suma de Voluntades presentar\u00e1 \u201cAsentamientos\u201d, con una charla que reunir\u00e1 a referentes de \u00e1mbitos sociales, jur\u00eddicos, de seguridad y solidarios y que adem\u00e1s invitar\u00e1 a reflexionar para actuar ante la grave realidad sociourbana que viven decenas de miles de paranaenses.<\/strong><\/p>\n\n\n\n<p>El evento se llevar\u00e1 a cabo el mi\u00e9rcoles 7 de agosto a las 17 en San Mart\u00edn 1373 de Paran\u00e1, en la sede de SUTEP.<\/p>\n\n\n\n<p>La propia ONG se\u00f1ala que se trata de \u201cuna documental que duele\u201d sobre \u201cuna realidad que asusta\u201d, pero invita a \u201cuna charla que te invita a la reflexi\u00f3n y la acci\u00f3n\u201d a trav\u00e9s de \u201cdistintas miradas, un mismo diagn\u00f3stico y un \u00fanico camino: la integraci\u00f3n sociourbana\u201d.<\/p>\n\n\n\n<p>Adem\u00e1s los actores involucrados de distintas maneras en las realidades de los barrios vulnerables de la ciudad reflexionar\u00e1n acerca de esta realidad que golpea a todos. Estar\u00e1n el jefe de la Departamental de Polic\u00eda de Paran\u00e1, Carlos Schmunk; el juez Penal de Ni\u00f1os y Adolescentes, Pablo Barbirotto; el padre de la Parroquia \u201cNuestra Se\u00f1ora de Lourdes\u201d y titular de Hogar de Cristo en Paran\u00e1, Horacio Correa; la presidenta del Banco de Alimentos, Mar\u00eda Paz Montenegro; y la referente de Suma de Voluntades, Anabella Albornoz.<\/p>\n\n\n\n<p>Albornoz consider\u00f3 que \u201cla integraci\u00f3n sociourbana es la mejor herramienta que tenemos para combatir la pobreza estructural. Es una deuda moral y a su vez legal desde la sanci\u00f3n de la Ley de Barrios Populares\u201d. Por su parte, Schmunk se\u00f1al\u00f3 que \u201cpodemos transformar realidades si construimos en comunidad\u201d.<\/p>\n\n\n\n<p>Por su parte el magistrado Barbirotto explic\u00f3 que \u201cla ausencia de un contexto social, familiar que los contenga provoca en los y las adolescentes un estado de vulnerabilidad tal que los hace permeables a las adicciones y su correlato con el delito\u201d.<\/p>\n\n\n\n<p>Mientras que el p\u00e1rroco Correa ilustr\u00f3 que \u201cla pobreza existencial es puerta a las \u20183 C\u2019 de la muerte: calle, consumo y cementerio\u201d. Finalmente, Montenegro, del Banco de Alimentos, defini\u00f3 que \u201cen Argentina no falta alimento, falta organizaci\u00f3n. S\u00f3lo uni\u00e9ndonos con un mismo prop\u00f3sito es posible lograr un pa\u00eds bien nutrido y sin hambre\u201d.<\/p>\n\n\n\n<p>\u201cSomos m\u00e1s cuando nos encontramos los distintos, dispuestos a mezclarnos, porque entendemos que esa diversidad nos hace m\u00e1s grandes\u201d, cierra la convocatoria Suma de Voluntades, que solicita inscribirse  <a href=\"https:\/\/docs.google.com\/forms\/d\/e\/1FAIpQLScGNvo8AiToXBsshw6fpSPRfrxuypn5KoeO4E4pUj7gzDfbsQ\/viewform?pli=1\">AQU\u00cd<\/a> para participar de la presentaci\u00f3n.<\/p>\n\n\n\n<p><\/p>\n\n\n\n<iframe loading=\"lazy\" src=\"https:\/\/www.facebook.com\/plugins\/post.php?href=https%3A%2F%2Fwww.facebook.com%2FSumadeVoluntadesPna%2Fposts%2Fpfbid02M4GkNBbErL85iynSfPz6gvuwdDM1pw1EaFmxVLXadb5GX72LeQ8KrMvc7cpnQpR4l&#038;show_text=true&#038;width=500\" width=\"500\" height=\"678\" style=\"border:none;overflow:hidden\" scrolling=\"no\" frameborder=\"0\" allowfullscreen=\"true\" allow=\"autoplay; clipboard-write; encrypted-media; picture-in-picture; web-share\"><\/iframe>\n","protected":false},"excerpt":{"rendered":"<p>La ONG Suma de Voluntades presentar&aacute; &ldquo;Asentamientos&rdquo;, con una charla que reunir&aacute; a referentes de &aacute;mbitos sociales, jur&iacute;dicos, de seguridad y solidarios y que adem&aacute;s invitar&aacute; a reflexionar para actuar ante la grave realidad sociourbana que viven decenas de miles de paranaenses. El evento se llevar&aacute; a cabo el mi&eacute;rcoles 7 de agosto a las [&hellip;]<\/p>\n","protected":false},"author":2,"featured_media":2038,"comment_status":"open","ping_status":"open","sticky":false,"template":"","format":"standard","meta":{"footnotes":""},"categories":[3,49],"tags":[1031,1030,1029],"class_list":["post-2037","post","type-post","status-publish","format-standard","has-post-thumbnail","hentry","category-locales","category-sociedad","tag-asentamientos","tag-documental","tag-suma-de-voluntades"],"_links":{"self":[{"href":"https:\/\/impactodenoticias.com.ar\/index.php?rest_route=\/wp\/v2\/posts\/2037","targetHints":{"allow":["GET"]}}],"collection":[{"href":"https:\/\/impactodenoticias.com.ar\/index.php?rest_route=\/wp\/v2\/posts"}],"about":[{"href":"https:\/\/impactodenoticias.com.ar\/index.php?rest_route=\/wp\/v2\/types\/post"}],"author":[{"embeddable":true,"href":"https:\/\/impactodenoticias.com.ar\/index.php?rest_route=\/wp\/v2\/users\/2"}],"replies":[{"embeddable":true,"href":"https:\/\/impactodenoticias.com.ar\/index.php?rest_route=%2Fwp%2Fv2%2Fcomments&post=2037"}],"version-history":[{"count":1,"href":"https:\/\/impactodenoticias.com.ar\/index.php?rest_route=\/wp\/v2\/posts\/2037\/revisions"}],"predecessor-version":[{"id":2039,"href":"https:\/\/impactodenoticias.com.ar\/index.php?rest_route=\/wp\/v2\/posts\/2037\/revisions\/2039"}],"wp:featuredmedia":[{"embeddable":true,"href":"https:\/\/impactodenoticias.com.ar\/index.php?rest_route=\/wp\/v2\/media\/2038"}],"wp:attachment":[{"href":"https:\/\/impactodenoticias.com.ar\/index.php?rest_route=%2Fwp%2Fv2%2Fmedia&parent=2037"}],"wp:term":[{"taxonomy":"category","embeddable":true,"href":"https:\/\/impactodenoticias.com.ar\/index.php?rest_route=%2Fwp%2Fv2%2Fcategories&post=2037"},{"taxonomy":"post_tag","embeddable":true,"href":"https:\/\/impactodenoticias.com.ar\/index.php?rest_route=%2Fwp%2Fv2%2Ftags&post=2037"}],"curies":[{"name":"wp","href":"https:\/\/api.w.org\/{rel}","templated":true}]}}