{"id":2117,"date":"2024-08-07T12:19:41","date_gmt":"2024-08-07T15:19:41","guid":{"rendered":"https:\/\/impactodenoticias.com.ar\/?p=2117"},"modified":"2024-08-07T12:26:52","modified_gmt":"2024-08-07T15:26:52","slug":"concejales-del-pj-gualeguaychuense-repudiaron-los-hechos-de-violencia-denunciados-contra-alberto-fernandez","status":"publish","type":"post","link":"https:\/\/impactodenoticias.com.ar\/?p=2117","title":{"rendered":"Concejales del PJ gualeguaychuense repudiaron los hechos de violencia denunciados contra Alberto Fern\u00e1ndez"},"content":{"rendered":"\n<p><strong>\u00abLa lucha contra la violencia de g\u00e9nero es un compromiso ineludible que trasciende cualquier bandera o color pol\u00edtico\u00bb manifestaron los ediles de Gualeguaych\u00fa.<\/strong><\/p>\n\n\n\n<p>Desde el bloque de concejales \u201cM\u00e1s Para Entre R\u00edos\u201d repudiamos en\u00e9rgicamente los hechos de violencia denunciados por Fabiola Ya\u00f1ez. La lucha contra la violencia de g\u00e9nero es un compromiso ineludible que trasciende cualquier bandera o color pol\u00edtico. Nuestro compromiso es acompa\u00f1ar y apoyar incondicionalmente a todas las v\u00edctimas, para que sepan que no est\u00e1n solas, expresaron.<\/p>\n\n\n\n<p>Es necesario reivindicar la importancia de las pol\u00edticas p\u00fablicas que buscan prevenir y combatir la violencia machista. El debilitamiento de estas pol\u00edticas no solo invisibiliza el problema, sino que tambi\u00e9n fomenta la impunidad de los agresores, agregaron.<\/p>\n\n\n\n<p>La violencia de g\u00e9nero es una realidad que exige una respuesta contundente del Estado. Exigimos pol\u00edticas p\u00fablicas s\u00f3lidas y un compromiso real para erradicarla, concluyeron.<\/p>\n\n\n\n<h3 class=\"wp-block-heading\"><a href=\"#NiUnaMenos\">#NiUnaMenos<\/a> <a href=\"#BastaDeViolenciaDeG\u00e9nero\">#BastaDeViolenciaDeG\u00e9nero<\/a> <a href=\"#EstadoPresente\">#EstadoPresente<\/a><\/h3>\n","protected":false},"excerpt":{"rendered":"<p>&laquo;La lucha contra la violencia de g&eacute;nero es un compromiso ineludible que trasciende cualquier bandera o color pol&iacute;tico&raquo; manifestaron los ediles de Gualeguaych&uacute;. Desde el bloque de concejales &ldquo;M&aacute;s Para Entre R&iacute;os&rdquo; repudiamos en&eacute;rgicamente los hechos de violencia denunciados por Fabiola Ya&ntilde;ez. La lucha contra la violencia de g&eacute;nero es un compromiso ineludible que trasciende [&hellip;]<\/p>\n","protected":false},"author":2,"featured_media":2118,"comment_status":"open","ping_status":"open","sticky":false,"template":"","format":"standard","meta":{"footnotes":""},"categories":[90,11,4],"tags":[29,280,382,451],"class_list":["post-2117","post","type-post","status-publish","format-standard","has-post-thumbnail","hentry","category-judicial","category-politica","category-provinciales","tag-alberto-fernandez","tag-gualeguaychu","tag-pj","tag-repudio"],"_links":{"self":[{"href":"https:\/\/impactodenoticias.com.ar\/index.php?rest_route=\/wp\/v2\/posts\/2117","targetHints":{"allow":["GET"]}}],"collection":[{"href":"https:\/\/impactodenoticias.com.ar\/index.php?rest_route=\/wp\/v2\/posts"}],"about":[{"href":"https:\/\/impactodenoticias.com.ar\/index.php?rest_route=\/wp\/v2\/types\/post"}],"author":[{"embeddable":true,"href":"https:\/\/impactodenoticias.com.ar\/index.php?rest_route=\/wp\/v2\/users\/2"}],"replies":[{"embeddable":true,"href":"https:\/\/impactodenoticias.com.ar\/index.php?rest_route=%2Fwp%2Fv2%2Fcomments&post=2117"}],"version-history":[{"count":1,"href":"https:\/\/impactodenoticias.com.ar\/index.php?rest_route=\/wp\/v2\/posts\/2117\/revisions"}],"predecessor-version":[{"id":2119,"href":"https:\/\/impactodenoticias.com.ar\/index.php?rest_route=\/wp\/v2\/posts\/2117\/revisions\/2119"}],"wp:featuredmedia":[{"embeddable":true,"href":"https:\/\/impactodenoticias.com.ar\/index.php?rest_route=\/wp\/v2\/media\/2118"}],"wp:attachment":[{"href":"https:\/\/impactodenoticias.com.ar\/index.php?rest_route=%2Fwp%2Fv2%2Fmedia&parent=2117"}],"wp:term":[{"taxonomy":"category","embeddable":true,"href":"https:\/\/impactodenoticias.com.ar\/index.php?rest_route=%2Fwp%2Fv2%2Fcategories&post=2117"},{"taxonomy":"post_tag","embeddable":true,"href":"https:\/\/impactodenoticias.com.ar\/index.php?rest_route=%2Fwp%2Fv2%2Ftags&post=2117"}],"curies":[{"name":"wp","href":"https:\/\/api.w.org\/{rel}","templated":true}]}}