{"id":2139,"date":"2024-08-08T09:42:02","date_gmt":"2024-08-08T12:42:02","guid":{"rendered":"https:\/\/impactodenoticias.com.ar\/?p=2139"},"modified":"2024-08-08T09:42:02","modified_gmt":"2024-08-08T12:42:02","slug":"un-hombre-tuvo-que-ser-hospitalizado-con-una-grave-lesion-tras-ser-atacado-por-su-hijastro","status":"publish","type":"post","link":"https:\/\/impactodenoticias.com.ar\/?p=2139","title":{"rendered":"Un hombre tuvo que ser hospitalizado con una grave lesi\u00f3n, tras ser atacado por su hijastro"},"content":{"rendered":"\n<p><strong>El hombre se encuentra internado en el Hospital San Mart\u00edn de Paran\u00e1. El agresor de 33 a\u00f1os ya fue detenido por la Polic\u00eda.<\/strong><\/p>\n\n\n\n<p>Un hombre fue internado con una grave lesi\u00f3n en la vista luego de protagonizar una pelea familiar en Paran\u00e1. Trascendi\u00f3 que fue atacado por su hijastro, que ya est\u00e1 bajo arresto.<\/p>\n\n\n\n<p>La detenci\u00f3n se efectiviz\u00f3 durante la noche de este mi\u00e9rcoles. El personal de Comisar\u00eda Decimotercera intervino tras recibir un oficio de un pedido de captura proveniente del Juzgado de Garant\u00edas N\u00b02.<\/p>\n\n\n\n<p>El detenido es un hombre joven de 33 a\u00f1os que ayer hab\u00eda lesionado a su padrastro, quien est\u00e1 internado en el Hospital San Mart\u00edn ya que le tuvieron que realizar el vaciamiento del ocular derecho.<\/p>\n\n\n\n<p>Gracias a investigaciones llevadas a cabo, lograron encontrar al atacante en una vivienda ubicada en calle Gesino y por disposici\u00f3n del fiscal interviniente fue trasladado a la Alcaid\u00eda de Tribunales.<\/p>\n","protected":false},"excerpt":{"rendered":"<p>El hombre se encuentra internado en el Hospital San Mart&iacute;n de Paran&aacute;. El agresor de 33 a&ntilde;os ya fue detenido por la Polic&iacute;a. Un hombre fue internado con una grave lesi&oacute;n en la vista luego de protagonizar una pelea familiar en Paran&aacute;. Trascendi&oacute; que fue atacado por su hijastro, que ya est&aacute; bajo arresto. La [&hellip;]<\/p>\n","protected":false},"author":2,"featured_media":2140,"comment_status":"open","ping_status":"open","sticky":false,"template":"","format":"standard","meta":{"footnotes":""},"categories":[3,8],"tags":[1075,1076,146,141,95,1077],"class_list":["post-2139","post","type-post","status-publish","format-standard","has-post-thumbnail","hentry","category-locales","category-policiales","tag-atacado","tag-hijastro","tag-hombre","tag-hospital","tag-parana","tag-san-martin"],"_links":{"self":[{"href":"https:\/\/impactodenoticias.com.ar\/index.php?rest_route=\/wp\/v2\/posts\/2139","targetHints":{"allow":["GET"]}}],"collection":[{"href":"https:\/\/impactodenoticias.com.ar\/index.php?rest_route=\/wp\/v2\/posts"}],"about":[{"href":"https:\/\/impactodenoticias.com.ar\/index.php?rest_route=\/wp\/v2\/types\/post"}],"author":[{"embeddable":true,"href":"https:\/\/impactodenoticias.com.ar\/index.php?rest_route=\/wp\/v2\/users\/2"}],"replies":[{"embeddable":true,"href":"https:\/\/impactodenoticias.com.ar\/index.php?rest_route=%2Fwp%2Fv2%2Fcomments&post=2139"}],"version-history":[{"count":1,"href":"https:\/\/impactodenoticias.com.ar\/index.php?rest_route=\/wp\/v2\/posts\/2139\/revisions"}],"predecessor-version":[{"id":2141,"href":"https:\/\/impactodenoticias.com.ar\/index.php?rest_route=\/wp\/v2\/posts\/2139\/revisions\/2141"}],"wp:featuredmedia":[{"embeddable":true,"href":"https:\/\/impactodenoticias.com.ar\/index.php?rest_route=\/wp\/v2\/media\/2140"}],"wp:attachment":[{"href":"https:\/\/impactodenoticias.com.ar\/index.php?rest_route=%2Fwp%2Fv2%2Fmedia&parent=2139"}],"wp:term":[{"taxonomy":"category","embeddable":true,"href":"https:\/\/impactodenoticias.com.ar\/index.php?rest_route=%2Fwp%2Fv2%2Fcategories&post=2139"},{"taxonomy":"post_tag","embeddable":true,"href":"https:\/\/impactodenoticias.com.ar\/index.php?rest_route=%2Fwp%2Fv2%2Ftags&post=2139"}],"curies":[{"name":"wp","href":"https:\/\/api.w.org\/{rel}","templated":true}]}}