{"id":2142,"date":"2024-08-08T09:48:42","date_gmt":"2024-08-08T12:48:42","guid":{"rendered":"https:\/\/impactodenoticias.com.ar\/?p=2142"},"modified":"2024-08-08T09:58:12","modified_gmt":"2024-08-08T12:58:12","slug":"un-sujeto-persiguio-a-mujeres-por-las-calles-de-parana-causando-panico","status":"publish","type":"post","link":"https:\/\/impactodenoticias.com.ar\/?p=2142","title":{"rendered":"Dos mujeres entraron en p\u00e1nico tras ser perseguidas por un sujeto por las calles de Paran\u00e1"},"content":{"rendered":"\n<p><strong>Dos mujeres dieron aviso a la Polic\u00eda cuando advirtieron que un hombre las ven\u00eda siguiendo en las calles de Paran\u00e1. El sujeto fue detenido.<\/strong><\/p>\n\n\n\n<p>Un hombre fue arrestado en Paran\u00e1 tras perseguir a dos mujeres. Luego del procedimiento policial de rigor y su correcta identificaci\u00f3n, fue liberado, seg\u00fan informaron a <strong>IMPACTO DE NOTICIAS<\/strong>.<\/p>\n\n\n\n<p>A las 22:15 de este mi\u00e9rcoles, el personal de Comisar\u00eda Octava intervino tras el pedido de dos mujeres, de 21 y 22 a\u00f1os, que caminaban por calle Enrique Carb\u00f3 y French.<\/p>\n\n\n\n<p>Las mujeres relataron que un hombre las sigui\u00f3 por dos cuadras hasta la parada del colectivo y que les hab\u00eda causado miedo por lo que les podr\u00eda llegar a hacer.<\/p>\n\n\n\n<p>A los pocos minutos, funcionarios policiales demoraron a un hombre de 38 a\u00f1os y se comunicaron con el fiscal en turno, que dispuso que fuera trasladado para que se le realizara una correcta identificaci\u00f3n y se labrara un informe de lo sucedido, posteriormente fue liberado.<\/p>\n","protected":false},"excerpt":{"rendered":"<p>Dos mujeres dieron aviso a la Polic&iacute;a cuando advirtieron que un hombre las ven&iacute;a siguiendo en las calles de Paran&aacute;. El sujeto fue detenido. Un hombre fue arrestado en Paran&aacute; tras perseguir a dos mujeres. Luego del procedimiento policial de rigor y su correcta identificaci&oacute;n, fue liberado, seg&uacute;n informaron a IMPACTO DE NOTICIAS. A las [&hellip;]<\/p>\n","protected":false},"author":2,"featured_media":2143,"comment_status":"open","ping_status":"open","sticky":false,"template":"","format":"standard","meta":{"footnotes":""},"categories":[3,8],"tags":[146,1079,95,1078],"class_list":["post-2142","post","type-post","status-publish","format-standard","has-post-thumbnail","hentry","category-locales","category-policiales","tag-hombre","tag-mujeres","tag-parana","tag-persiguio"],"_links":{"self":[{"href":"https:\/\/impactodenoticias.com.ar\/index.php?rest_route=\/wp\/v2\/posts\/2142","targetHints":{"allow":["GET"]}}],"collection":[{"href":"https:\/\/impactodenoticias.com.ar\/index.php?rest_route=\/wp\/v2\/posts"}],"about":[{"href":"https:\/\/impactodenoticias.com.ar\/index.php?rest_route=\/wp\/v2\/types\/post"}],"author":[{"embeddable":true,"href":"https:\/\/impactodenoticias.com.ar\/index.php?rest_route=\/wp\/v2\/users\/2"}],"replies":[{"embeddable":true,"href":"https:\/\/impactodenoticias.com.ar\/index.php?rest_route=%2Fwp%2Fv2%2Fcomments&post=2142"}],"version-history":[{"count":3,"href":"https:\/\/impactodenoticias.com.ar\/index.php?rest_route=\/wp\/v2\/posts\/2142\/revisions"}],"predecessor-version":[{"id":2146,"href":"https:\/\/impactodenoticias.com.ar\/index.php?rest_route=\/wp\/v2\/posts\/2142\/revisions\/2146"}],"wp:featuredmedia":[{"embeddable":true,"href":"https:\/\/impactodenoticias.com.ar\/index.php?rest_route=\/wp\/v2\/media\/2143"}],"wp:attachment":[{"href":"https:\/\/impactodenoticias.com.ar\/index.php?rest_route=%2Fwp%2Fv2%2Fmedia&parent=2142"}],"wp:term":[{"taxonomy":"category","embeddable":true,"href":"https:\/\/impactodenoticias.com.ar\/index.php?rest_route=%2Fwp%2Fv2%2Fcategories&post=2142"},{"taxonomy":"post_tag","embeddable":true,"href":"https:\/\/impactodenoticias.com.ar\/index.php?rest_route=%2Fwp%2Fv2%2Ftags&post=2142"}],"curies":[{"name":"wp","href":"https:\/\/api.w.org\/{rel}","templated":true}]}}