{"id":22296,"date":"2025-08-20T09:38:31","date_gmt":"2025-08-20T12:38:31","guid":{"rendered":"https:\/\/impactodenoticias.com.ar\/?p=22296"},"modified":"2025-08-20T11:48:29","modified_gmt":"2025-08-20T14:48:29","slug":"autovia-14-volco-el-vehiculo-en-el-cual-se-trasladaba-una-familia","status":"publish","type":"post","link":"https:\/\/impactodenoticias.com.ar\/?p=22296","title":{"rendered":"Autov\u00eda 14: volc\u00f3 el veh\u00edculo en el cual se trasladaba una familia"},"content":{"rendered":"\n<h2 class=\"wp-block-heading\">En el veh\u00edculo viajaban el padre, la madre y una hija. El conductor perdi\u00f3 el control y termin\u00f3 volcando sobre el cantero central de la Autov\u00eda.<\/h2>\n\n\n\n<p>Una familia que viajaba por la Autov\u00eda 14, atravesando la provincia de Entre R\u00edos desde Buenos Aires y con destino a Paraguay, volc\u00f3 violantamente en la ma\u00f1ana de este martes y termin\u00f3 dada vuelta sobre el cantero central de la ruta, en medio de la intensa tormenta que se registra en el territorio provincial desde la madrugada.<\/p>\n\n\n\n<p>El accidente vial ocurri\u00f3 cerca de las 11 de este martes en el kil\u00f3metro 96 de la Ruta Nacional 14. Afortunadamente, el conductor y sus acompa\u00f1antes no resultaron heridos.<\/p>\n\n\n\n<p>Seg\u00fan informaron fuentes policiales a <strong>IMPACTO DE NOTICIAS<\/strong>, el siniestro vial involucr\u00f3 una camioneta Kia Sportage, conducida por un hombre. El conductor viajaba desde Buenos Aires con su esposa e hija con destino a Paraguay. Por razones que son materia de investigaci\u00f3n perdi\u00f3 el control del veh\u00edculo, que termin\u00f3 volcando sobre el canal que divide ambas arterias de la ruta.<\/p>\n\n\n\n<p>El veh\u00edculo no obstaculiz\u00f3 el tr\u00e1nsito en el lugr. Intervino personal de la Comisar\u00eda de Colonia El\u00eda para llevar a cabo las actuaciones correspondientes.<\/p>\n","protected":false},"excerpt":{"rendered":"<p>En el veh&iacute;culo viajaban el padre, la madre y una hija. El conductor perdi&oacute; el control y termin&oacute; volcando sobre el cantero central de la Autov&iacute;a. Una familia que viajaba por la Autov&iacute;a 14, atravesando la provincia de Entre R&iacute;os desde Buenos Aires y con destino a Paraguay, volc&oacute; violantamente en la ma&ntilde;ana de este [&hellip;]<\/p>\n","protected":false},"author":2,"featured_media":22297,"comment_status":"closed","ping_status":"closed","sticky":false,"template":"","format":"standard","meta":{"footnotes":""},"categories":[8,4],"tags":[120,5720,402,33,118,336],"class_list":["post-22296","post","type-post","status-publish","format-standard","has-post-thumbnail","hentry","category-policiales","category-provinciales","tag-accidente","tag-autovia-14-2","tag-camioneta","tag-entre-rios","tag-policiales","tag-vuelco"],"_links":{"self":[{"href":"https:\/\/impactodenoticias.com.ar\/index.php?rest_route=\/wp\/v2\/posts\/22296","targetHints":{"allow":["GET"]}}],"collection":[{"href":"https:\/\/impactodenoticias.com.ar\/index.php?rest_route=\/wp\/v2\/posts"}],"about":[{"href":"https:\/\/impactodenoticias.com.ar\/index.php?rest_route=\/wp\/v2\/types\/post"}],"author":[{"embeddable":true,"href":"https:\/\/impactodenoticias.com.ar\/index.php?rest_route=\/wp\/v2\/users\/2"}],"replies":[{"embeddable":true,"href":"https:\/\/impactodenoticias.com.ar\/index.php?rest_route=%2Fwp%2Fv2%2Fcomments&post=22296"}],"version-history":[{"count":1,"href":"https:\/\/impactodenoticias.com.ar\/index.php?rest_route=\/wp\/v2\/posts\/22296\/revisions"}],"predecessor-version":[{"id":22298,"href":"https:\/\/impactodenoticias.com.ar\/index.php?rest_route=\/wp\/v2\/posts\/22296\/revisions\/22298"}],"wp:featuredmedia":[{"embeddable":true,"href":"https:\/\/impactodenoticias.com.ar\/index.php?rest_route=\/wp\/v2\/media\/22297"}],"wp:attachment":[{"href":"https:\/\/impactodenoticias.com.ar\/index.php?rest_route=%2Fwp%2Fv2%2Fmedia&parent=22296"}],"wp:term":[{"taxonomy":"category","embeddable":true,"href":"https:\/\/impactodenoticias.com.ar\/index.php?rest_route=%2Fwp%2Fv2%2Fcategories&post=22296"},{"taxonomy":"post_tag","embeddable":true,"href":"https:\/\/impactodenoticias.com.ar\/index.php?rest_route=%2Fwp%2Fv2%2Ftags&post=22296"}],"curies":[{"name":"wp","href":"https:\/\/api.w.org\/{rel}","templated":true}]}}