{"id":22299,"date":"2025-08-20T09:48:03","date_gmt":"2025-08-20T12:48:03","guid":{"rendered":"https:\/\/impactodenoticias.com.ar\/?p=22299"},"modified":"2025-08-20T11:48:46","modified_gmt":"2025-08-20T14:48:46","slug":"general-campos-alumnos-de-10-y-12-anos-robaron-y-produjeron-danos-en-dos-escuelas","status":"publish","type":"post","link":"https:\/\/impactodenoticias.com.ar\/?p=22299","title":{"rendered":"General Campos: alumnos de 10 y 12 a\u00f1os robaron y produjeron da\u00f1os en dos escuelas"},"content":{"rendered":"\n<h2 class=\"wp-block-heading\">El personal directivo de las escuelas que sonlindantes, la N\u00ba 12 \u201cNina Gral. Justo Jos\u00e9 de Urquiza\u201d y Secundaria N\u00ba 1 \u201cDr. Carlos Saavedra Lamas\u201d, de la localidad de General Campos, en el departamento San Salvador, realizaron denuncias por robos y da\u00f1os.<\/h2>\n\n\n\n<p>Los directivos se\u00f1alaron que notaron el ingreso y sustracci\u00f3n en el kiosco de golosinas, y adem\u00e1s la activaci\u00f3n de dos matafuegos que fueron dispersados en el lugar.<\/p>\n\n\n\n<p>Tras la denuncia, el personal de la Comisar\u00eda como de la Divisi\u00f3n Investigaciones Inteligencia Criminal, se abocaron en la b\u00fasqueda de los autores y obtuvieron aportes de un testigo, como tambi\u00e9n registros f\u00edlmicos propios del establecimiento escolar.<\/p>\n\n\n\n<p>El an\u00e1lisis dio como resultado la identificaci\u00f3n de dos ni\u00f1os, de 10 y 12 a\u00f1os, oriundos de esa localidad, quienes quedaron supeditados a la causa que lleva a cabo en la Unidad Fiscal a cargo del Dr. M\u00e9ndez.<\/p>\n","protected":false},"excerpt":{"rendered":"<p>El personal directivo de las escuelas que sonlindantes, la N&ordm; 12 &ldquo;Nina Gral. Justo Jos&eacute; de Urquiza&rdquo; y Secundaria N&ordm; 1 &ldquo;Dr. Carlos Saavedra Lamas&rdquo;, de la localidad de General Campos, en el departamento San Salvador, realizaron denuncias por robos y da&ntilde;os. Los directivos se&ntilde;alaron que notaron el ingreso y sustracci&oacute;n en el kiosco de [&hellip;]<\/p>\n","protected":false},"author":2,"featured_media":22300,"comment_status":"closed","ping_status":"closed","sticky":false,"template":"","format":"standard","meta":{"footnotes":""},"categories":[8,4],"tags":[206,315,205,118,147],"class_list":["post-22299","post","type-post","status-publish","format-standard","has-post-thumbnail","hentry","category-policiales","category-provinciales","tag-escuelas","tag-general-campos","tag-ninos","tag-policiales","tag-robo"],"_links":{"self":[{"href":"https:\/\/impactodenoticias.com.ar\/index.php?rest_route=\/wp\/v2\/posts\/22299","targetHints":{"allow":["GET"]}}],"collection":[{"href":"https:\/\/impactodenoticias.com.ar\/index.php?rest_route=\/wp\/v2\/posts"}],"about":[{"href":"https:\/\/impactodenoticias.com.ar\/index.php?rest_route=\/wp\/v2\/types\/post"}],"author":[{"embeddable":true,"href":"https:\/\/impactodenoticias.com.ar\/index.php?rest_route=\/wp\/v2\/users\/2"}],"replies":[{"embeddable":true,"href":"https:\/\/impactodenoticias.com.ar\/index.php?rest_route=%2Fwp%2Fv2%2Fcomments&post=22299"}],"version-history":[{"count":1,"href":"https:\/\/impactodenoticias.com.ar\/index.php?rest_route=\/wp\/v2\/posts\/22299\/revisions"}],"predecessor-version":[{"id":22301,"href":"https:\/\/impactodenoticias.com.ar\/index.php?rest_route=\/wp\/v2\/posts\/22299\/revisions\/22301"}],"wp:featuredmedia":[{"embeddable":true,"href":"https:\/\/impactodenoticias.com.ar\/index.php?rest_route=\/wp\/v2\/media\/22300"}],"wp:attachment":[{"href":"https:\/\/impactodenoticias.com.ar\/index.php?rest_route=%2Fwp%2Fv2%2Fmedia&parent=22299"}],"wp:term":[{"taxonomy":"category","embeddable":true,"href":"https:\/\/impactodenoticias.com.ar\/index.php?rest_route=%2Fwp%2Fv2%2Fcategories&post=22299"},{"taxonomy":"post_tag","embeddable":true,"href":"https:\/\/impactodenoticias.com.ar\/index.php?rest_route=%2Fwp%2Fv2%2Ftags&post=22299"}],"curies":[{"name":"wp","href":"https:\/\/api.w.org\/{rel}","templated":true}]}}