{"id":22302,"date":"2025-08-20T10:25:41","date_gmt":"2025-08-20T13:25:41","guid":{"rendered":"https:\/\/impactodenoticias.com.ar\/?p=22302"},"modified":"2025-08-20T11:48:55","modified_gmt":"2025-08-20T14:48:55","slug":"ruta-nacional-12-un-camion-de-perdio-una-rueda-en-medio-de-la-ruta-y-desato-un-siniestro-vial","status":"publish","type":"post","link":"https:\/\/impactodenoticias.com.ar\/?p=22302","title":{"rendered":"Ruta nacional 12: un cami\u00f3n de perd\u00edo una rueda en medio de la ruta y desat\u00f3 un siniestro vial"},"content":{"rendered":"\n<h2 class=\"wp-block-heading\">El gran manejo y el profesionalismo de un chofer de un micro interurbano, evitaron una tragedia vial que podr\u00eda haber sido mucho m\u00e1s grave, en la ruta nacional 12, a la altura de El Palenque, en el Departamento Paran\u00e1.<\/h2>\n\n\n\n<p>Seg\u00fan se inform\u00f3 a <strong>IMPACTO DE NOTICIAS<\/strong>, el accidente vial se registr\u00f3 aproximadamente a las 16 del martes, cuando una rueda se sali\u00f3 del acoplado de un cami\u00f3n, y el colectivo, que cubr\u00eda la ruta Paran\u00e1 \u2013 Cerrito, impact\u00f3 contra ella. A ra\u00edz del impacto, el micro, que transportaba un total de 14 pasajeros, termin\u00f3 despintando.<\/p>\n\n\n\n<p>Afortunadamente, el siniestro vial no registr\u00f3 gravedad debido a la habilidad del conductor del micro. Un pasajero sufri\u00f3 heridas leves, y se mencion\u00f3 un herido de gravedad, los 14 pasajeros que viajaban en el \u00f3mnibus expresaron la extraordinaria pericia del chofer, quien logr\u00f3 mantener el control del veh\u00edculo e impidi\u00f3 que volcara, lo que podr\u00eda haber generado mayor cantidad de heridos.<\/p>\n\n\n\n<p><\/p>\n\n\n\n<figure class=\"wp-block-image size-full\"><img loading=\"lazy\" decoding=\"async\" width=\"696\" height=\"392\" src=\"https:\/\/impactodenoticias.com.ar\/wp-content\/uploads\/2025\/08\/Ruta-12-Accidente-vial-Camion-Micro-1.webp\" alt=\"\" class=\"wp-image-22304\" srcset=\"https:\/\/impactodenoticias.com.ar\/wp-content\/uploads\/2025\/08\/Ruta-12-Accidente-vial-Camion-Micro-1.webp 696w, https:\/\/impactodenoticias.com.ar\/wp-content\/uploads\/2025\/08\/Ruta-12-Accidente-vial-Camion-Micro-1-300x169.webp 300w\" sizes=\"auto, (max-width: 696px) 100vw, 696px\" \/><\/figure>\n\n\n\n<p><\/p>\n\n\n\n<figure class=\"wp-block-image size-full\"><img loading=\"lazy\" decoding=\"async\" width=\"696\" height=\"392\" src=\"https:\/\/impactodenoticias.com.ar\/wp-content\/uploads\/2025\/08\/Ruta-12-Accidente-vial-Camion-Micro.webp\" alt=\"\" class=\"wp-image-22305\" srcset=\"https:\/\/impactodenoticias.com.ar\/wp-content\/uploads\/2025\/08\/Ruta-12-Accidente-vial-Camion-Micro.webp 696w, https:\/\/impactodenoticias.com.ar\/wp-content\/uploads\/2025\/08\/Ruta-12-Accidente-vial-Camion-Micro-300x169.webp 300w\" sizes=\"auto, (max-width: 696px) 100vw, 696px\" \/><\/figure>\n\n\n\n<p><\/p>\n\n\n\n<p>Personal policial llev\u00f3 a cabo un operativo en la ruta para evitar siniestros. El camionero se\u00f1al\u00f3 que no se percat\u00f3 de lo sucedido con su veh\u00edculo hasta que detuvo su marcha para auxiliar al colectivo que hab\u00eda despistado. Fotos Cable Video Cerrito<\/p>\n","protected":false},"excerpt":{"rendered":"<p>El gran manejo y el profesionalismo de un chofer de un micro interurbano, evitaron una tragedia vial que podr&iacute;a haber sido mucho m&aacute;s grave, en la ruta nacional 12, a la altura de El Palenque, en el Departamento Paran&aacute;. Seg&uacute;n se inform&oacute; a IMPACTO DE NOTICIAS, el accidente vial se registr&oacute; aproximadamente a las 16 [&hellip;]<\/p>\n","protected":false},"author":2,"featured_media":22303,"comment_status":"closed","ping_status":"closed","sticky":false,"template":"","format":"standard","meta":{"footnotes":""},"categories":[8,4],"tags":[120,545,228,2308,293],"class_list":["post-22302","post","type-post","status-publish","format-standard","has-post-thumbnail","hentry","category-policiales","category-provinciales","tag-accidente","tag-camion","tag-micro","tag-rueda","tag-ruta-12"],"_links":{"self":[{"href":"https:\/\/impactodenoticias.com.ar\/index.php?rest_route=\/wp\/v2\/posts\/22302","targetHints":{"allow":["GET"]}}],"collection":[{"href":"https:\/\/impactodenoticias.com.ar\/index.php?rest_route=\/wp\/v2\/posts"}],"about":[{"href":"https:\/\/impactodenoticias.com.ar\/index.php?rest_route=\/wp\/v2\/types\/post"}],"author":[{"embeddable":true,"href":"https:\/\/impactodenoticias.com.ar\/index.php?rest_route=\/wp\/v2\/users\/2"}],"replies":[{"embeddable":true,"href":"https:\/\/impactodenoticias.com.ar\/index.php?rest_route=%2Fwp%2Fv2%2Fcomments&post=22302"}],"version-history":[{"count":1,"href":"https:\/\/impactodenoticias.com.ar\/index.php?rest_route=\/wp\/v2\/posts\/22302\/revisions"}],"predecessor-version":[{"id":22306,"href":"https:\/\/impactodenoticias.com.ar\/index.php?rest_route=\/wp\/v2\/posts\/22302\/revisions\/22306"}],"wp:featuredmedia":[{"embeddable":true,"href":"https:\/\/impactodenoticias.com.ar\/index.php?rest_route=\/wp\/v2\/media\/22303"}],"wp:attachment":[{"href":"https:\/\/impactodenoticias.com.ar\/index.php?rest_route=%2Fwp%2Fv2%2Fmedia&parent=22302"}],"wp:term":[{"taxonomy":"category","embeddable":true,"href":"https:\/\/impactodenoticias.com.ar\/index.php?rest_route=%2Fwp%2Fv2%2Fcategories&post=22302"},{"taxonomy":"post_tag","embeddable":true,"href":"https:\/\/impactodenoticias.com.ar\/index.php?rest_route=%2Fwp%2Fv2%2Ftags&post=22302"}],"curies":[{"name":"wp","href":"https:\/\/api.w.org\/{rel}","templated":true}]}}