{"id":2234,"date":"2024-08-09T19:56:15","date_gmt":"2024-08-09T22:56:15","guid":{"rendered":"https:\/\/impactodenoticias.com.ar\/?p=2234"},"modified":"2024-08-09T19:56:15","modified_gmt":"2024-08-09T22:56:15","slug":"el-exdiputado-martin-anguiano-elegido-para-reemplazar-a-juan-ruiz-orrico-a-cargo-del-instituto-portuario-provincial","status":"publish","type":"post","link":"https:\/\/impactodenoticias.com.ar\/?p=2234","title":{"rendered":"El exdiputado Mart\u00edn Anguiano elegido para reemplazar a Juan Ruiz Orrico a cargo del Instituto Portuario Provincial"},"content":{"rendered":"\n<h3 class=\"wp-block-heading\">El puesto qued\u00f3 vacante en junio, tras el apartamiento de Juan Ruiz Orrico, luego de protagonizar un fatal accidente vial, a bordo de un auto oficial, que caus\u00f3 la muerte de cuatro personas.<\/h3>\n\n\n\n<p>Con la publicaci\u00f3n en el Bolet\u00edn Oficial, el gobierno provincial oficializ\u00f3 este viernes el nombramiento del exdiputado provincial Mart\u00edn Anguiano en el cargo de presidente del Instituto Portuario Provincial. El puesto qued\u00f3 vacante en junio, tras el apartamiento de Juan Ruiz Orrico, que al volante de un auto oficial y en estado de ebriedad, caus\u00f3 la muerte de cuatro personas.<\/p>\n\n\n\n<p>El decreto n\u00ba 1.886 lleva la firma de la vicegobernadora Alicia Aluani y el refrendo del ministro de Planeamiento, Abel Schneider.<\/p>\n\n\n\n<p>En la norma se incluyen las designaciones de Anguiano como representante de la provincia en los consejos de administraci\u00f3n de los entes aut\u00e1rquicos de los puertos de Ibicuy, Diamante, Concepci\u00f3n del Uruguay y La Paz. Estas funciones, se aclara, ser\u00e1n cumplimentadas ad honorem.<\/p>\n\n\n\n<p>Anguiano es oriundo de Islas del Ibicuy, de estrecha confianza del gobernador Rogelio Frigerio, que al comienzo de su gobierno lo design\u00f3 al frente del puerto de Ibicuy y ahora lo promueve a este cargo. Adem\u00e1s fue diputado entre 2015 y 2023.<\/p>\n","protected":false},"excerpt":{"rendered":"<p>El puesto qued&oacute; vacante en junio, tras el apartamiento de Juan Ruiz Orrico, luego de protagonizar un fatal accidente vial, a bordo de un auto oficial, que caus&oacute; la muerte de cuatro personas. Con la publicaci&oacute;n en el Bolet&iacute;n Oficial, el gobierno provincial oficializ&oacute; este viernes el nombramiento del exdiputado provincial Mart&iacute;n Anguiano en el [&hellip;]<\/p>\n","protected":false},"author":2,"featured_media":2235,"comment_status":"open","ping_status":"open","sticky":false,"template":"","format":"standard","meta":{"footnotes":""},"categories":[11,4],"tags":[1131,106,1130],"class_list":["post-2234","post","type-post","status-publish","format-standard","has-post-thumbnail","hentry","category-politica","category-provinciales","tag-instituto-portuario-provincial","tag-juan-ruiz-orrico","tag-martin-anguiano"],"_links":{"self":[{"href":"https:\/\/impactodenoticias.com.ar\/index.php?rest_route=\/wp\/v2\/posts\/2234","targetHints":{"allow":["GET"]}}],"collection":[{"href":"https:\/\/impactodenoticias.com.ar\/index.php?rest_route=\/wp\/v2\/posts"}],"about":[{"href":"https:\/\/impactodenoticias.com.ar\/index.php?rest_route=\/wp\/v2\/types\/post"}],"author":[{"embeddable":true,"href":"https:\/\/impactodenoticias.com.ar\/index.php?rest_route=\/wp\/v2\/users\/2"}],"replies":[{"embeddable":true,"href":"https:\/\/impactodenoticias.com.ar\/index.php?rest_route=%2Fwp%2Fv2%2Fcomments&post=2234"}],"version-history":[{"count":1,"href":"https:\/\/impactodenoticias.com.ar\/index.php?rest_route=\/wp\/v2\/posts\/2234\/revisions"}],"predecessor-version":[{"id":2236,"href":"https:\/\/impactodenoticias.com.ar\/index.php?rest_route=\/wp\/v2\/posts\/2234\/revisions\/2236"}],"wp:featuredmedia":[{"embeddable":true,"href":"https:\/\/impactodenoticias.com.ar\/index.php?rest_route=\/wp\/v2\/media\/2235"}],"wp:attachment":[{"href":"https:\/\/impactodenoticias.com.ar\/index.php?rest_route=%2Fwp%2Fv2%2Fmedia&parent=2234"}],"wp:term":[{"taxonomy":"category","embeddable":true,"href":"https:\/\/impactodenoticias.com.ar\/index.php?rest_route=%2Fwp%2Fv2%2Fcategories&post=2234"},{"taxonomy":"post_tag","embeddable":true,"href":"https:\/\/impactodenoticias.com.ar\/index.php?rest_route=%2Fwp%2Fv2%2Ftags&post=2234"}],"curies":[{"name":"wp","href":"https:\/\/api.w.org\/{rel}","templated":true}]}}