{"id":2384,"date":"2024-08-13T09:54:18","date_gmt":"2024-08-13T12:54:18","guid":{"rendered":"https:\/\/impactodenoticias.com.ar\/?p=2384"},"modified":"2024-08-13T09:54:18","modified_gmt":"2024-08-13T12:54:18","slug":"parana-intentaron-asaltar-a-un-moto-uber-y-arrestaron-a-uno-de-los-delincuentes","status":"publish","type":"post","link":"https:\/\/impactodenoticias.com.ar\/?p=2384","title":{"rendered":"Paran\u00e1: intentaron asaltar a un \u201cMoto Uber\u201d y arrestaron a uno de los delincuentes"},"content":{"rendered":"\n<p><strong>El trabajador lleg\u00f3 hasta un domicilio de madrugada por un pedido de \u00abMoto Uber\u00bb y se encontr\u00f3 con dos delincuentes que lo aguardaban para asaltarlo.<\/strong><\/p>\n\n\n\n<p>La Polic\u00eda de Entre R\u00edos arrest\u00f3 a un delincuente tras un intento de asalto a un \u201cMoto Uber\u201d en Paran\u00e1. El hecho se produjo a las 4.30 de la madrugada de este martes.<\/p>\n\n\n\n<p>De acuerdo a la denuncia, la v\u00edctima es un trabajador de 26 a\u00f1os. Tras el intento de asalto, solicit\u00f3 ayuda a un funcionario policial ubicado en el puesto de calle Sebasti\u00e1n V\u00e1zquez y Libertad.<\/p>\n\n\n\n<p>El jove le explic\u00f3 al uniformado que hab\u00eda ido hasta calle Courreges y Los Hornos ya que ten\u00eda un viaje y que, al llegar, fue sorprendido por dos sujetos que intentaron robarle la moto, pero pudo acelerar y logr\u00f3 escapar.<\/p>\n\n\n\n<p>Posteriormente personal de Comisar\u00eda Primera realiz\u00f3 una b\u00fasqueda de los autores y gracias a la descripci\u00f3n brindada por la v\u00edctima, lograron dar con uno de ellos por la zona en donde fue el hecho.<\/p>\n\n\n\n<p>El fiscal dispuso su detenci\u00f3n y que fuera trasladado a la Alcaid\u00eda de Tribunales por tentativa de robo.<\/p>\n","protected":false},"excerpt":{"rendered":"<p>El trabajador lleg&oacute; hasta un domicilio de madrugada por un pedido de &laquo;Moto Uber&raquo; y se encontr&oacute; con dos delincuentes que lo aguardaban para asaltarlo. La Polic&iacute;a de Entre R&iacute;os arrest&oacute; a un delincuente tras un intento de asalto a un &ldquo;Moto Uber&rdquo; en Paran&aacute;. El hecho se produjo a las 4.30 de la madrugada [&hellip;]<\/p>\n","protected":false},"author":2,"featured_media":2385,"comment_status":"open","ping_status":"open","sticky":false,"template":"","format":"standard","meta":{"footnotes":""},"categories":[3,8],"tags":[1144,1138,388,95,1183],"class_list":["post-2384","post","type-post","status-publish","format-standard","has-post-thumbnail","hentry","category-locales","category-policiales","tag-asalto","tag-intento","tag-moto","tag-parana","tag-uber"],"_links":{"self":[{"href":"https:\/\/impactodenoticias.com.ar\/index.php?rest_route=\/wp\/v2\/posts\/2384","targetHints":{"allow":["GET"]}}],"collection":[{"href":"https:\/\/impactodenoticias.com.ar\/index.php?rest_route=\/wp\/v2\/posts"}],"about":[{"href":"https:\/\/impactodenoticias.com.ar\/index.php?rest_route=\/wp\/v2\/types\/post"}],"author":[{"embeddable":true,"href":"https:\/\/impactodenoticias.com.ar\/index.php?rest_route=\/wp\/v2\/users\/2"}],"replies":[{"embeddable":true,"href":"https:\/\/impactodenoticias.com.ar\/index.php?rest_route=%2Fwp%2Fv2%2Fcomments&post=2384"}],"version-history":[{"count":1,"href":"https:\/\/impactodenoticias.com.ar\/index.php?rest_route=\/wp\/v2\/posts\/2384\/revisions"}],"predecessor-version":[{"id":2386,"href":"https:\/\/impactodenoticias.com.ar\/index.php?rest_route=\/wp\/v2\/posts\/2384\/revisions\/2386"}],"wp:featuredmedia":[{"embeddable":true,"href":"https:\/\/impactodenoticias.com.ar\/index.php?rest_route=\/wp\/v2\/media\/2385"}],"wp:attachment":[{"href":"https:\/\/impactodenoticias.com.ar\/index.php?rest_route=%2Fwp%2Fv2%2Fmedia&parent=2384"}],"wp:term":[{"taxonomy":"category","embeddable":true,"href":"https:\/\/impactodenoticias.com.ar\/index.php?rest_route=%2Fwp%2Fv2%2Fcategories&post=2384"},{"taxonomy":"post_tag","embeddable":true,"href":"https:\/\/impactodenoticias.com.ar\/index.php?rest_route=%2Fwp%2Fv2%2Ftags&post=2384"}],"curies":[{"name":"wp","href":"https:\/\/api.w.org\/{rel}","templated":true}]}}