{"id":2387,"date":"2024-08-13T10:03:57","date_gmt":"2024-08-13T13:03:57","guid":{"rendered":"https:\/\/impactodenoticias.com.ar\/?p=2387"},"modified":"2024-08-13T10:03:57","modified_gmt":"2024-08-13T13:03:57","slug":"detuvieron-a-un-sujeto-en-san-salvador-por-amenazas-y-violencia-de-genero","status":"publish","type":"post","link":"https:\/\/impactodenoticias.com.ar\/?p=2387","title":{"rendered":"Detuvieron a un sujeto en san Salvador por amenazas y violencia de g\u00e9nero"},"content":{"rendered":"\n<p><strong>Un hombre de 49 a\u00f1os fue detenido en San Salvador por amenazas en contexto de violencia de g\u00e9nero contra su pareja, de 37 a\u00f1os.<\/strong><\/p>\n\n\n\n<p>Un hombre fue arrestado este martes por la madrugada en San Salvador luego de haber amenazado y ejercido violencia contra su pareja.<\/p>\n\n\n\n<p>El hecho sucedi\u00f3 a las 0:30 de este martes. La comisaria de Minoridad y Violencia Familiar de la Polic\u00eda intervino ante la denuncia de una mujer de 37 a\u00f1os, que se encontraba en pareja con un hombre de 49 a\u00f1os desde hace aproximadamente dos meses.<\/p>\n\n\n\n<p>La denuncia fue por violencia de g\u00e9nero y amenazas. La Fiscal\u00eda orden\u00f3 la detenci\u00f3n del sujeto por el delito de amenazas en contexto de violencia de g\u00e9nero y qued\u00f3 alojado en la Jefatura de Polic\u00eda local a disposici\u00f3n del Juzgado.<\/p>\n","protected":false},"excerpt":{"rendered":"<p>Un hombre de 49 a&ntilde;os fue detenido en San Salvador por amenazas en contexto de violencia de g&eacute;nero contra su pareja, de 37 a&ntilde;os. Un hombre fue arrestado este martes por la madrugada en San Salvador luego de haber amenazado y ejercido violencia contra su pareja. El hecho sucedi&oacute; a las 0:30 de este martes. [&hellip;]<\/p>\n","protected":false},"author":2,"featured_media":2388,"comment_status":"open","ping_status":"open","sticky":false,"template":"","format":"standard","meta":{"footnotes":""},"categories":[8,4],"tags":[175,146,639,1184],"class_list":["post-2387","post","type-post","status-publish","format-standard","has-post-thumbnail","hentry","category-policiales","category-provinciales","tag-detenido","tag-hombre","tag-san-salvador","tag-violencia-de-genero"],"_links":{"self":[{"href":"https:\/\/impactodenoticias.com.ar\/index.php?rest_route=\/wp\/v2\/posts\/2387","targetHints":{"allow":["GET"]}}],"collection":[{"href":"https:\/\/impactodenoticias.com.ar\/index.php?rest_route=\/wp\/v2\/posts"}],"about":[{"href":"https:\/\/impactodenoticias.com.ar\/index.php?rest_route=\/wp\/v2\/types\/post"}],"author":[{"embeddable":true,"href":"https:\/\/impactodenoticias.com.ar\/index.php?rest_route=\/wp\/v2\/users\/2"}],"replies":[{"embeddable":true,"href":"https:\/\/impactodenoticias.com.ar\/index.php?rest_route=%2Fwp%2Fv2%2Fcomments&post=2387"}],"version-history":[{"count":1,"href":"https:\/\/impactodenoticias.com.ar\/index.php?rest_route=\/wp\/v2\/posts\/2387\/revisions"}],"predecessor-version":[{"id":2389,"href":"https:\/\/impactodenoticias.com.ar\/index.php?rest_route=\/wp\/v2\/posts\/2387\/revisions\/2389"}],"wp:featuredmedia":[{"embeddable":true,"href":"https:\/\/impactodenoticias.com.ar\/index.php?rest_route=\/wp\/v2\/media\/2388"}],"wp:attachment":[{"href":"https:\/\/impactodenoticias.com.ar\/index.php?rest_route=%2Fwp%2Fv2%2Fmedia&parent=2387"}],"wp:term":[{"taxonomy":"category","embeddable":true,"href":"https:\/\/impactodenoticias.com.ar\/index.php?rest_route=%2Fwp%2Fv2%2Fcategories&post=2387"},{"taxonomy":"post_tag","embeddable":true,"href":"https:\/\/impactodenoticias.com.ar\/index.php?rest_route=%2Fwp%2Fv2%2Ftags&post=2387"}],"curies":[{"name":"wp","href":"https:\/\/api.w.org\/{rel}","templated":true}]}}