{"id":2449,"date":"2024-08-14T09:49:21","date_gmt":"2024-08-14T12:49:21","guid":{"rendered":"https:\/\/impactodenoticias.com.ar\/?p=2449"},"modified":"2024-08-14T09:49:21","modified_gmt":"2024-08-14T12:49:21","slug":"un-auto-fue-destruido-por-las-llamas-en-ruta-20-entre-concepcion-del-uruguay-y-villaguay","status":"publish","type":"post","link":"https:\/\/impactodenoticias.com.ar\/?p=2449","title":{"rendered":"Un auto fue destruido por las llamas en Ruta 20 entre Concepci\u00f3n del Uruguay y Villaguay"},"content":{"rendered":"\n<h3 class=\"wp-block-heading\">El due\u00f1o del auto logr\u00f3 bajar del veh\u00edculo para pedir ayuda. Los bomberos intentaron apagar las llamas, no obstante la destrucci\u00f3n fue total.<\/h3>\n\n\n\n<p>Un grave siniestro vial se produjo en los primeros minutos de la noche en la Ruta 20, cuando un veh\u00edculo sufri\u00f3 un incendio que termin\u00f3 con la destrucci\u00f3n total del mismo.<\/p>\n\n\n\n<p>El incidente sucedi\u00f3 cerca de las 20:00 en el kil\u00f3metro 105 de la ruta, aproximadamente a 4 kil\u00f3metros al sur de San Marcial.<\/p>\n\n\n\n<p>El veh\u00edculo siniestrado, un Peugeot 307 SW, era conducido por su \u00fanico ocupante y propietario, quien se dirig\u00eda desde Concepci\u00f3n del Uruguay hacia Villaguay.<\/p>\n\n\n\n<p>De acuerdo a la informaci\u00f3n brindada por las autoridades a <strong>IMPACTO DE NOTICIAS<\/strong>, el conductor pudo salir del autom\u00f3vil antes de que las llamas consumieran por completo el veh\u00edculo, por lo que afortunadamente result\u00f3 ileso.<\/p>\n\n\n\n<p>Al lugar del incendio acudieron r\u00e1pidamente los Bomberos Voluntarios del Destacamento San Marcial, quienes, al evaluar la magnitud del incendio, solicitaron el apoyo del Cuartel de Bomberos de Basavilbaso.<\/p>\n\n\n\n<p>A pesar de los esfuerzos de ambas dotaciones, el fuego ya hab\u00eda avanzado considerablemente, lo que dej\u00f3 al autom\u00f3vil completamente consumido por las llamas.<\/p>\n","protected":false},"excerpt":{"rendered":"<p>El due&ntilde;o del auto logr&oacute; bajar del veh&iacute;culo para pedir ayuda. Los bomberos intentaron apagar las llamas, no obstante la destrucci&oacute;n fue total. Un grave siniestro vial se produjo en los primeros minutos de la noche en la Ruta 20, cuando un veh&iacute;culo sufri&oacute; un incendio que termin&oacute; con la destrucci&oacute;n total del mismo. El [&hellip;]<\/p>\n","protected":false},"author":2,"featured_media":2450,"comment_status":"open","ping_status":"open","sticky":false,"template":"","format":"standard","meta":{"footnotes":""},"categories":[8,4],"tags":[227,1204,1205,338],"class_list":["post-2449","post","type-post","status-publish","format-standard","has-post-thumbnail","hentry","category-policiales","category-provinciales","tag-incendio","tag-ruta-20","tag-san-marcial","tag-vehiculo"],"_links":{"self":[{"href":"https:\/\/impactodenoticias.com.ar\/index.php?rest_route=\/wp\/v2\/posts\/2449","targetHints":{"allow":["GET"]}}],"collection":[{"href":"https:\/\/impactodenoticias.com.ar\/index.php?rest_route=\/wp\/v2\/posts"}],"about":[{"href":"https:\/\/impactodenoticias.com.ar\/index.php?rest_route=\/wp\/v2\/types\/post"}],"author":[{"embeddable":true,"href":"https:\/\/impactodenoticias.com.ar\/index.php?rest_route=\/wp\/v2\/users\/2"}],"replies":[{"embeddable":true,"href":"https:\/\/impactodenoticias.com.ar\/index.php?rest_route=%2Fwp%2Fv2%2Fcomments&post=2449"}],"version-history":[{"count":1,"href":"https:\/\/impactodenoticias.com.ar\/index.php?rest_route=\/wp\/v2\/posts\/2449\/revisions"}],"predecessor-version":[{"id":2451,"href":"https:\/\/impactodenoticias.com.ar\/index.php?rest_route=\/wp\/v2\/posts\/2449\/revisions\/2451"}],"wp:featuredmedia":[{"embeddable":true,"href":"https:\/\/impactodenoticias.com.ar\/index.php?rest_route=\/wp\/v2\/media\/2450"}],"wp:attachment":[{"href":"https:\/\/impactodenoticias.com.ar\/index.php?rest_route=%2Fwp%2Fv2%2Fmedia&parent=2449"}],"wp:term":[{"taxonomy":"category","embeddable":true,"href":"https:\/\/impactodenoticias.com.ar\/index.php?rest_route=%2Fwp%2Fv2%2Fcategories&post=2449"},{"taxonomy":"post_tag","embeddable":true,"href":"https:\/\/impactodenoticias.com.ar\/index.php?rest_route=%2Fwp%2Fv2%2Ftags&post=2449"}],"curies":[{"name":"wp","href":"https:\/\/api.w.org\/{rel}","templated":true}]}}