{"id":2452,"date":"2024-08-14T10:06:32","date_gmt":"2024-08-14T13:06:32","guid":{"rendered":"https:\/\/impactodenoticias.com.ar\/?p=2452"},"modified":"2024-08-14T10:38:22","modified_gmt":"2024-08-14T13:38:22","slug":"conmocion-en-una-escuela-de-concordia-una-alumna-conto-que-su-companero-tenia-un-arma","status":"publish","type":"post","link":"https:\/\/impactodenoticias.com.ar\/?p=2452","title":{"rendered":"Conmoci\u00f3n en una escuela de Concordia: una alumna cont\u00f3 que su compa\u00f1ero ten\u00eda un arma"},"content":{"rendered":"\n<p><strong>Una ni\u00f1a le comunic\u00f3 a un docente que uno de sus compa\u00f1eros del 6\u00ba grado llevaba un arma de fuego en su mochila.<\/strong><\/p>\n\n\n\n<p>Momentos de gran tensi\u00f3n y confusi\u00f3n se registraron en la tarde de este martes en la escuela Almafuerte de calle Urquiza de Concordia. La grave situaci\u00f3n se dio cuando una ni\u00f1a le comunicara a un docente que uno de sus compa\u00f1eros del 6\u00ba grado portaba un arma de fuego en su mochila.<\/p>\n\n\n\n<p>Inmediatamente la docente dio cuenta de la grave situaci\u00f3n al personal directivo, quienes se contactaron con el personal de la comisar\u00eda 1\u00ba y la madre del ni\u00f1o.<\/p>\n\n\n\n<p>Seg\u00fan las informaciones recolectada por <strong>IMPACTO DE NOTICIAS<\/strong>, una vez que la madre se hizo presente en la instituci\u00f3n, consult\u00f3 a su hijo si el hecho era verdad, a lo que el ni\u00f1o contest\u00f3 que hab\u00eda tirado el elemento por un agujero de la ventana del ba\u00f1o hacia la calle.<\/p>\n\n\n\n<p>Esa situaci\u00f3n motiv\u00f3 al personal policial a realizar una minuciosa b\u00fasqueda de una posible arma de fuego, sin embargo la b\u00fasqueda fue infructuosa, ya que en las instalaciones no se encontr\u00f3 ning\u00fan arma de fuego o alg\u00fan elemento de similares caracter\u00edsticas.<\/p>\n\n\n\n<p>Los directivos de la escuela tomaron la decisi\u00f3n de no efectivizar la correspondiente denuncia, teniendo en cuenta que ning\u00fan mayor de edad hab\u00eda visto el arma de fuego.<\/p>\n","protected":false},"excerpt":{"rendered":"<p>Una ni&ntilde;a le comunic&oacute; a un docente que uno de sus compa&ntilde;eros del 6&ordm; grado llevaba un arma de fuego en su mochila. Momentos de gran tensi&oacute;n y confusi&oacute;n se registraron en la tarde de este martes en la escuela Almafuerte de calle Urquiza de Concordia. La grave situaci&oacute;n se dio cuando una ni&ntilde;a le [&hellip;]<\/p>\n","protected":false},"author":2,"featured_media":2463,"comment_status":"open","ping_status":"open","sticky":false,"template":"","format":"standard","meta":{"footnotes":""},"categories":[8,4],"tags":[1108,72,503],"class_list":["post-2452","post","type-post","status-publish","format-standard","has-post-thumbnail","hentry","category-policiales","category-provinciales","tag-arma","tag-concordia","tag-nino"],"_links":{"self":[{"href":"https:\/\/impactodenoticias.com.ar\/index.php?rest_route=\/wp\/v2\/posts\/2452","targetHints":{"allow":["GET"]}}],"collection":[{"href":"https:\/\/impactodenoticias.com.ar\/index.php?rest_route=\/wp\/v2\/posts"}],"about":[{"href":"https:\/\/impactodenoticias.com.ar\/index.php?rest_route=\/wp\/v2\/types\/post"}],"author":[{"embeddable":true,"href":"https:\/\/impactodenoticias.com.ar\/index.php?rest_route=\/wp\/v2\/users\/2"}],"replies":[{"embeddable":true,"href":"https:\/\/impactodenoticias.com.ar\/index.php?rest_route=%2Fwp%2Fv2%2Fcomments&post=2452"}],"version-history":[{"count":1,"href":"https:\/\/impactodenoticias.com.ar\/index.php?rest_route=\/wp\/v2\/posts\/2452\/revisions"}],"predecessor-version":[{"id":2455,"href":"https:\/\/impactodenoticias.com.ar\/index.php?rest_route=\/wp\/v2\/posts\/2452\/revisions\/2455"}],"wp:featuredmedia":[{"embeddable":true,"href":"https:\/\/impactodenoticias.com.ar\/index.php?rest_route=\/wp\/v2\/media\/2463"}],"wp:attachment":[{"href":"https:\/\/impactodenoticias.com.ar\/index.php?rest_route=%2Fwp%2Fv2%2Fmedia&parent=2452"}],"wp:term":[{"taxonomy":"category","embeddable":true,"href":"https:\/\/impactodenoticias.com.ar\/index.php?rest_route=%2Fwp%2Fv2%2Fcategories&post=2452"},{"taxonomy":"post_tag","embeddable":true,"href":"https:\/\/impactodenoticias.com.ar\/index.php?rest_route=%2Fwp%2Fv2%2Ftags&post=2452"}],"curies":[{"name":"wp","href":"https:\/\/api.w.org\/{rel}","templated":true}]}}