{"id":2456,"date":"2024-08-14T10:14:46","date_gmt":"2024-08-14T13:14:46","guid":{"rendered":"https:\/\/impactodenoticias.com.ar\/?p=2456"},"modified":"2024-08-14T10:14:47","modified_gmt":"2024-08-14T13:14:47","slug":"nogoya-un-incendio-destruyo-por-completo-una-vivienda","status":"publish","type":"post","link":"https:\/\/impactodenoticias.com.ar\/?p=2456","title":{"rendered":"Nogoy\u00e1: un incendio destruy\u00f3 por completo una vivienda"},"content":{"rendered":"\n<h3 class=\"wp-block-heading\">Un hombre se acost\u00f3 a dormir y despert\u00f3 a la madrugada en medio de un voraz incendio en su casa. Se inform\u00f3 qu\u00e9 pudo haber provocado el fuego.<\/h3>\n\n\n\n<p>Un voraz incendio en una casa moviliz\u00f3 a la polic\u00eda, bomberos voluntarios y el servicio de emergencias de Nogoy\u00e1, en horas de esta madrugada. El siniestro ocurri\u00f3 cerca de las 3:30 en calle Mendoza y, lamentablemente, las llamas destruyeron por completo la vivienda.<\/p>\n\n\n\n<p>\u201cEn el frente del domicilio que presentaba el foco \u00edgneo, avanzado y en pleno desarrollo, se encontraba un hombre de 58 a\u00f1os, inquilino del inmueble, quien afortunadamente hab\u00eda salido por sus propios medios, siendo escuchado por los vecinos al pedir socorro. Fue puesto a resguardo y contenido\u201d, inform\u00f3 el Jefe Departamental Nogoy\u00e1, Rafael Godoy.<\/p>\n\n\n\n<p>\u201cLas formas y circunstancias del incendio son materia de investigaci\u00f3n y pericias\u201d, acot\u00f3 el funcionario policial y asegur\u00f3: \u201cEl morador sostuvo que a la medianoche del lunes se acost\u00f3, dejando un calefactor en piloto para mantener una temperatura agradable mientras pernoctaba; pasadas unas tres horas y media aproximadamente, se despert\u00f3 sobresaltado, visualizando humo dentro de su casa. Instintivamente cerr\u00f3 el paso de gas natural y sali\u00f3 hacia la vereda gritando para ser auxiliado\u201d.<\/p>\n\n\n\n<p><\/p>\n\n\n\n<figure class=\"wp-block-image size-full\"><img loading=\"lazy\" decoding=\"async\" width=\"781\" height=\"566\" src=\"https:\/\/impactodenoticias.com.ar\/wp-content\/uploads\/2024\/08\/scrnli_14_8_2024_10-09-44.png\" alt=\"\" class=\"wp-image-2457\" srcset=\"https:\/\/impactodenoticias.com.ar\/wp-content\/uploads\/2024\/08\/scrnli_14_8_2024_10-09-44.png 781w, https:\/\/impactodenoticias.com.ar\/wp-content\/uploads\/2024\/08\/scrnli_14_8_2024_10-09-44-300x217.png 300w, https:\/\/impactodenoticias.com.ar\/wp-content\/uploads\/2024\/08\/scrnli_14_8_2024_10-09-44-768x557.png 768w\" sizes=\"auto, (max-width: 781px) 100vw, 781px\" \/><figcaption class=\"wp-element-caption\"><strong>La vivienda sufri\u00f3 destrucci\u00f3n total<\/strong><\/figcaption><\/figure>\n\n\n\n<p><\/p>\n\n\n\n<p>Godoy destac\u00f3 que \u201csi bien el inquilino no sufri\u00f3 secuela f\u00edsica alguna, el da\u00f1o en la vivienda fue total y las pertenencias se consumieron en su totalidad. S\u00f3lo el garaje, que es apartado y linda hacia el vecino del lado contrario a donde comenz\u00f3 el fuego, no se incendi\u00f3\u201d, precis\u00f3.<\/p>\n","protected":false},"excerpt":{"rendered":"<p>Un hombre se acost&oacute; a dormir y despert&oacute; a la madrugada en medio de un voraz incendio en su casa. Se inform&oacute; qu&eacute; pudo haber provocado el fuego. Un voraz incendio en una casa moviliz&oacute; a la polic&iacute;a, bomberos voluntarios y el servicio de emergencias de Nogoy&aacute;, en horas de esta madrugada. El siniestro ocurri&oacute; [&hellip;]<\/p>\n","protected":false},"author":2,"featured_media":2458,"comment_status":"open","ping_status":"open","sticky":false,"template":"","format":"standard","meta":{"footnotes":""},"categories":[8,4],"tags":[227,1039,366],"class_list":["post-2456","post","type-post","status-publish","format-standard","has-post-thumbnail","hentry","category-policiales","category-provinciales","tag-incendio","tag-nogoya","tag-vivienda"],"_links":{"self":[{"href":"https:\/\/impactodenoticias.com.ar\/index.php?rest_route=\/wp\/v2\/posts\/2456","targetHints":{"allow":["GET"]}}],"collection":[{"href":"https:\/\/impactodenoticias.com.ar\/index.php?rest_route=\/wp\/v2\/posts"}],"about":[{"href":"https:\/\/impactodenoticias.com.ar\/index.php?rest_route=\/wp\/v2\/types\/post"}],"author":[{"embeddable":true,"href":"https:\/\/impactodenoticias.com.ar\/index.php?rest_route=\/wp\/v2\/users\/2"}],"replies":[{"embeddable":true,"href":"https:\/\/impactodenoticias.com.ar\/index.php?rest_route=%2Fwp%2Fv2%2Fcomments&post=2456"}],"version-history":[{"count":1,"href":"https:\/\/impactodenoticias.com.ar\/index.php?rest_route=\/wp\/v2\/posts\/2456\/revisions"}],"predecessor-version":[{"id":2459,"href":"https:\/\/impactodenoticias.com.ar\/index.php?rest_route=\/wp\/v2\/posts\/2456\/revisions\/2459"}],"wp:featuredmedia":[{"embeddable":true,"href":"https:\/\/impactodenoticias.com.ar\/index.php?rest_route=\/wp\/v2\/media\/2458"}],"wp:attachment":[{"href":"https:\/\/impactodenoticias.com.ar\/index.php?rest_route=%2Fwp%2Fv2%2Fmedia&parent=2456"}],"wp:term":[{"taxonomy":"category","embeddable":true,"href":"https:\/\/impactodenoticias.com.ar\/index.php?rest_route=%2Fwp%2Fv2%2Fcategories&post=2456"},{"taxonomy":"post_tag","embeddable":true,"href":"https:\/\/impactodenoticias.com.ar\/index.php?rest_route=%2Fwp%2Fv2%2Ftags&post=2456"}],"curies":[{"name":"wp","href":"https:\/\/api.w.org\/{rel}","templated":true}]}}