{"id":2464,"date":"2024-08-14T12:13:05","date_gmt":"2024-08-14T15:13:05","guid":{"rendered":"https:\/\/impactodenoticias.com.ar\/?p=2464"},"modified":"2024-08-14T12:13:06","modified_gmt":"2024-08-14T15:13:06","slug":"busqueda-de-enrique-fabiani-se-sumaron-fuerzas-federales","status":"publish","type":"post","link":"https:\/\/impactodenoticias.com.ar\/?p=2464","title":{"rendered":"B\u00fasqueda de Enrique Fabiani: se sumaron fuerzas federales"},"content":{"rendered":"\n<p><strong>Los efectivos ya se encuentran en la zona, y mantuvieron una reuni\u00f3ncon autoridades y personal de la Polic\u00eda de Entre R\u00edos y en las pr\u00f3ximas horas comenzar\u00e1n un operativo. El hombre ya lleva 70 d\u00edas desaparecido.<\/strong><\/p>\n\n\n\n<p>Tras un pedido de la familia que deriv\u00f3 en gestiones del gobernador Rogelio Frigerio, Gendarmer\u00eda y Prefectura se sumaron a la b\u00fasqueda de Enrique Fabiani, que est\u00e1 desaparecido desde el 4 de junio. Seg\u00fan trascendi\u00f3 los efectivos ya arribaron a la zona, y se reunieron con autoridades y personal de la Polic\u00eda de Entre R\u00edos y en las pr\u00f3ximas horas comenzar\u00e1n un operativo.<\/p>\n\n\n\n<p>La investigaci\u00f3n comenz\u00f3 el 5 de junio, cuando el hijo del hombre desaparecido denunci\u00f3 la situaci\u00f3n a las autoridades. Su padre, de 74 a\u00f1os y domiciliado en la provincia de Santa Fe, hab\u00eda ido a cazar con unos amigos en una zona de monte pr\u00f3xima a la localidad de Alcaraz. A partir de la denuncia, la Polic\u00eda de Entre R\u00edos inici\u00f3 un dispositivo de b\u00fasqueda que a\u00fan contin\u00faa. No obstante, los recursos destinados todav\u00eda no hubo resultados. Este martes se cumplen 70 d\u00edas.<\/p>\n\n\n\n<p>En las \u00faltimas horas, efectivos de Prefectura y Gendarmer\u00eda llegaron a la zona de Alcaraz. All\u00ed se reunieron con el jefe de la Polic\u00eda de Entre R\u00edos, Claudio Gonz\u00e1lez, para coordinar acciones.<\/p>\n\n\n\n<p>Melisa Fabiani, una de las hijas del hombre desaparecido, se\u00f1al\u00f3: \u201cDespu\u00e9s del pedido que le hicimos al gobernador el lunes, me comuniqu\u00e9 con la secretaria pidi\u00e9ndole respuestas a ver si ya se hab\u00eda podido comunicar Frigerio con la ministra de Seguridad, Patricia Bullrich, y me contest\u00f3 que s\u00ed, que justamente se llev\u00f3 a cabo una reuni\u00f3n entre Gendarmer\u00eda, Prefectura y Polic\u00eda de Entre R\u00edos para trabajar en la b\u00fasqueda de mi pap\u00e1, as\u00ed que ya es un hecho\u201d.<\/p>\n\n\n\n<p>Y a\u00f1adi\u00f3: \u201cYa me llegaron fotos del d\u00eda de hoy que est\u00e1 Gendarmer\u00eda en Alcaraz. As\u00ed que nuevamente empieza la b\u00fasqueda de las tres fuerzas para buscar a mi pap\u00e1\u201d, confirm\u00f3 Melisa Fabiani a la agencia Noticias Argentinas. \u201cEstamos esperanzados en que se vuelvan a hacer los rastrillajes y las b\u00fasquedas como se debe\u201d.<\/p>\n\n\n\n<p>\u201cEsto era lo que nosotros quer\u00edamos y por eso luchamos, por eso exigimos a Gendarmer\u00eda, para que se corra por completo a la Polic\u00eda de Entre R\u00edos, ya que siguen secuestrando tel\u00e9fonos a polic\u00edas\u201d, expres\u00f3.<\/p>\n\n\n\n<p>Consultada sobre la marcha de la investigaci\u00f3n, Melisa Fabiani se quej\u00f3 porque sigue sin haber resultados positivos. \u201cA este punto llegaremos a Navidad y se seguir\u00e1n secuestrando tel\u00e9fonos, seguir\u00e1n apareciendo testigos y no aparecer\u00e1 nada en concreto, no hay un dato fijo\u201d, explic\u00f3.<\/p>\n\n\n\n<p>La primera tarea que emprender\u00e1n prefectos y gendarmes, ser\u00e1 la de marcar los distintos lugares en los que profundizar\u00e1n las pesquisas. En principio, ser\u00edan dos \u00e1reas espec\u00edficas en la zona rural, que luego se van a ampliar. Son los puntos donde Fabiani fue visto por \u00faltima vez: un campo y la casa de Julio Lodi. Adem\u00e1s est\u00e1 previsto volver a buscar en cursos de agua, arroyos y tajamares.<\/p>\n\n\n\n<p>En el caso se investigan distintas hip\u00f3tesis y la familia de Fabiani y su abogado, Rub\u00e9n Pagliotto, han expresado muchas dudas respecto del accionar del personal policial que intervino en las horas en que se produjo la desaparici\u00f3n.<\/p>\n\n\n\n<p>Sin embargo, en el legajo que lleva adelante el fiscal de Villaguay Mauro Quirolo, hasta el momento no hay pruebas al respecto.<\/p>\n\n\n\n<p>\u201cNo tenemos en el marco de la causa por ahora ninguna evidencia que nos permita informar la participaci\u00f3n de miembros de la fuerza en este caso\u201d, se\u00f1al\u00f3 el funcionario judicial en declaraciones a la prensa. Tampoco la justicia logr\u00f3 hacerse de elementos como para imputar a Lodi, apuntado tambi\u00e9n por la familia Fabiani.<\/p>\n","protected":false},"excerpt":{"rendered":"<p>Los efectivos ya se encuentran en la zona, y mantuvieron una reuni&oacute;ncon autoridades y personal de la Polic&iacute;a de Entre R&iacute;os y en las pr&oacute;ximas horas comenzar&aacute;n un operativo. El hombre ya lleva 70 d&iacute;as desaparecido. Tras un pedido de la familia que deriv&oacute; en gestiones del gobernador Rogelio Frigerio, Gendarmer&iacute;a y Prefectura se sumaron [&hellip;]<\/p>\n","protected":false},"author":2,"featured_media":2465,"comment_status":"open","ping_status":"open","sticky":false,"template":"","format":"standard","meta":{"footnotes":""},"categories":[90,8,4],"tags":[251,305,1206,39,449],"class_list":["post-2464","post","type-post","status-publish","format-standard","has-post-thumbnail","hentry","category-judicial","category-policiales","category-provinciales","tag-busqueda","tag-enrique-fabiani","tag-fuerzas-federales","tag-rogelio-frigerio","tag-ruben-pagliotto"],"_links":{"self":[{"href":"https:\/\/impactodenoticias.com.ar\/index.php?rest_route=\/wp\/v2\/posts\/2464","targetHints":{"allow":["GET"]}}],"collection":[{"href":"https:\/\/impactodenoticias.com.ar\/index.php?rest_route=\/wp\/v2\/posts"}],"about":[{"href":"https:\/\/impactodenoticias.com.ar\/index.php?rest_route=\/wp\/v2\/types\/post"}],"author":[{"embeddable":true,"href":"https:\/\/impactodenoticias.com.ar\/index.php?rest_route=\/wp\/v2\/users\/2"}],"replies":[{"embeddable":true,"href":"https:\/\/impactodenoticias.com.ar\/index.php?rest_route=%2Fwp%2Fv2%2Fcomments&post=2464"}],"version-history":[{"count":1,"href":"https:\/\/impactodenoticias.com.ar\/index.php?rest_route=\/wp\/v2\/posts\/2464\/revisions"}],"predecessor-version":[{"id":2466,"href":"https:\/\/impactodenoticias.com.ar\/index.php?rest_route=\/wp\/v2\/posts\/2464\/revisions\/2466"}],"wp:featuredmedia":[{"embeddable":true,"href":"https:\/\/impactodenoticias.com.ar\/index.php?rest_route=\/wp\/v2\/media\/2465"}],"wp:attachment":[{"href":"https:\/\/impactodenoticias.com.ar\/index.php?rest_route=%2Fwp%2Fv2%2Fmedia&parent=2464"}],"wp:term":[{"taxonomy":"category","embeddable":true,"href":"https:\/\/impactodenoticias.com.ar\/index.php?rest_route=%2Fwp%2Fv2%2Fcategories&post=2464"},{"taxonomy":"post_tag","embeddable":true,"href":"https:\/\/impactodenoticias.com.ar\/index.php?rest_route=%2Fwp%2Fv2%2Ftags&post=2464"}],"curies":[{"name":"wp","href":"https:\/\/api.w.org\/{rel}","templated":true}]}}