{"id":2484,"date":"2024-08-14T20:51:05","date_gmt":"2024-08-14T23:51:05","guid":{"rendered":"https:\/\/impactodenoticias.com.ar\/?p=2484"},"modified":"2024-08-14T21:02:03","modified_gmt":"2024-08-15T00:02:03","slug":"el-intendente-de-colonia-avellaneda-sufrio-el-rodo-de-su-camioneta-en-un-supermercado-de-santa-fe","status":"publish","type":"post","link":"https:\/\/impactodenoticias.com.ar\/?p=2484","title":{"rendered":"El intendente de Colonia Avellaneda sufri\u00f3 el robo de su camioneta en un supermercado de Santa Fe"},"content":{"rendered":"\n<p><strong>Ariel Weiss, jefe comunal de Colonia Avellaneda, estacion\u00f3 su camioneta para almorzar y, cuando sali\u00f3, alrededor de las 16.30, ya no estaba.<\/strong><\/p>\n\n\n\n<p>El intendente de Colonia Avellaneda, Ariel Weiss, sufri\u00f3 el robo de su camioneta durante la tarde de este mi\u00e9rcoles, la cual hab\u00eda dejado en el estacionamiento de un supermercado ubicado en la zona de Bulevar G\u00e1lvez de la ciudad de Santa Fe.<\/p>\n\n\n\n<p>El robo ocurri\u00f3 en horas de la siesta y, seg\u00fan el relato de Weiss, estacion\u00f3 su camioneta alrededor de las 13.30 para almorzar junto a su familia en un restaurante ubicado dentro de un shopping c\u00e9ntrico.<\/p>\n\n\n\n<p>Luego realiz\u00f3 unas compras dentro del hipermercado y cuando sali\u00f3, alrededor de las 16.30, su camioneta ya no estaba.<\/p>\n\n\n\n<p>Weiss dej\u00f3 su veh\u00edculo en el estacionamiento privado de un supermercado y al salir hab\u00eda sido robado. Asegura que nadie de la firma da respuestas<\/p>\n\n\n\n<p>\u201cNadie de Coto aparece. Hay c\u00e1maras que no filman, o no aparecen los archivos. No se hacen responsables. Mandan a empleados a decir que ya hicieron el reclamo a Buenos Aires\u201d, se\u00f1al\u00f3.<\/p>\n\n\n\n<p>El hecho ocurri\u00f3 en horas de la siesta, cuando Weiss estacion\u00f3 su camioneta cerca de las 13.30 horas para almorzar junto a su familia en un restaurante ubicado dentro de un shopping c\u00e9ntrico. Luego realiz\u00f3 unas compras dentro del hipermercado y cuando sali\u00f3, alrededor de las 16.30 horas, su camioneta ya no estaba.<\/p>\n\n\n\n<p>El intendente ten\u00eda previsto un viaje a Buenos Aires, pero desde que ocurri\u00f3 el hecho est\u00e1 varado en la capital santafesina buscando respuestas.<\/p>\n\n\n\n<p>\u201cLo \u00fanico que trato es que alg\u00fan responsable de la cadena Coto se haga responsable. Hasta ahora solo aparecen empleados. \u00bfYo me voy con qu\u00e9 sino?\u201d, finaliz\u00f3.<\/p>\n","protected":false},"excerpt":{"rendered":"<p>Ariel Weiss, jefe comunal de Colonia Avellaneda, estacion&oacute; su camioneta para almorzar y, cuando sali&oacute;, alrededor de las 16.30, ya no estaba. El intendente de Colonia Avellaneda, Ariel Weiss, sufri&oacute; el robo de su camioneta durante la tarde de este mi&eacute;rcoles, la cual hab&iacute;a dejado en el estacionamiento de un supermercado ubicado en la zona [&hellip;]<\/p>\n","protected":false},"author":2,"featured_media":2485,"comment_status":"open","ping_status":"open","sticky":false,"template":"","format":"standard","meta":{"footnotes":""},"categories":[10,8],"tags":[1024,402,147,78],"class_list":["post-2484","post","type-post","status-publish","format-standard","has-post-thumbnail","hentry","category-nacionales","category-policiales","tag-ariel-weiss","tag-camioneta","tag-robo","tag-santa-fe"],"_links":{"self":[{"href":"https:\/\/impactodenoticias.com.ar\/index.php?rest_route=\/wp\/v2\/posts\/2484","targetHints":{"allow":["GET"]}}],"collection":[{"href":"https:\/\/impactodenoticias.com.ar\/index.php?rest_route=\/wp\/v2\/posts"}],"about":[{"href":"https:\/\/impactodenoticias.com.ar\/index.php?rest_route=\/wp\/v2\/types\/post"}],"author":[{"embeddable":true,"href":"https:\/\/impactodenoticias.com.ar\/index.php?rest_route=\/wp\/v2\/users\/2"}],"replies":[{"embeddable":true,"href":"https:\/\/impactodenoticias.com.ar\/index.php?rest_route=%2Fwp%2Fv2%2Fcomments&post=2484"}],"version-history":[{"count":2,"href":"https:\/\/impactodenoticias.com.ar\/index.php?rest_route=\/wp\/v2\/posts\/2484\/revisions"}],"predecessor-version":[{"id":2487,"href":"https:\/\/impactodenoticias.com.ar\/index.php?rest_route=\/wp\/v2\/posts\/2484\/revisions\/2487"}],"wp:featuredmedia":[{"embeddable":true,"href":"https:\/\/impactodenoticias.com.ar\/index.php?rest_route=\/wp\/v2\/media\/2485"}],"wp:attachment":[{"href":"https:\/\/impactodenoticias.com.ar\/index.php?rest_route=%2Fwp%2Fv2%2Fmedia&parent=2484"}],"wp:term":[{"taxonomy":"category","embeddable":true,"href":"https:\/\/impactodenoticias.com.ar\/index.php?rest_route=%2Fwp%2Fv2%2Fcategories&post=2484"},{"taxonomy":"post_tag","embeddable":true,"href":"https:\/\/impactodenoticias.com.ar\/index.php?rest_route=%2Fwp%2Fv2%2Ftags&post=2484"}],"curies":[{"name":"wp","href":"https:\/\/api.w.org\/{rel}","templated":true}]}}