{"id":2492,"date":"2024-08-15T09:05:13","date_gmt":"2024-08-15T12:05:13","guid":{"rendered":"https:\/\/impactodenoticias.com.ar\/?p=2492"},"modified":"2024-08-15T09:14:00","modified_gmt":"2024-08-15T12:14:00","slug":"ruta-20-se-produjo-un-choque-entre-dos-autos-en-cercania-de-urdinarrain","status":"publish","type":"post","link":"https:\/\/impactodenoticias.com.ar\/?p=2492","title":{"rendered":"Ruta 20: se produjo un choque entre dos autos en cercan\u00eda de Urdinarrain"},"content":{"rendered":"\n<p><strong>Un importante siniestro vial ocurri\u00f3 este mi\u00e9rcoles en Ruta 20 a unos 100 metros del Cementerio de Urdinarrain.<\/strong><\/p>\n\n\n\n<p>El siniestro vial se produjo entre dos autos que circulaban en sentido opuesto. Debido a la violencia del impacto, un veh\u00edculo qued\u00f3 sobre la ruta y el otro despist\u00f3 sin volcar hacia la banquina.<\/p>\n\n\n\n<p>Uno de los veh\u00edculos era conducido por un hombre de unos 40 a\u00f1os oriundo de Urdinarrain y en el otro un joven de 33 a\u00f1os tambi\u00e9n con domicilio en la misma ciudad.<\/p>\n\n\n\n<p>Afortunadamente los conductores s\u00f3lo tuvieron lesiones leves y, seg\u00fan se determin\u00f3, recibieron atenci\u00f3n m\u00e9dica en el hospital de la zona.<\/p>\n","protected":false},"excerpt":{"rendered":"<p>Un importante siniestro vial ocurri&oacute; este mi&eacute;rcoles en Ruta 20 a unos 100 metros del Cementerio de Urdinarrain. El siniestro vial se produjo entre dos autos que circulaban en sentido opuesto. Debido a la violencia del impacto, un veh&iacute;culo qued&oacute; sobre la ruta y el otro despist&oacute; sin volcar hacia la banquina. Uno de los [&hellip;]<\/p>\n","protected":false},"author":2,"featured_media":2493,"comment_status":"open","ping_status":"open","sticky":false,"template":"","format":"standard","meta":{"footnotes":""},"categories":[8,4],"tags":[1204,571,1221,189],"class_list":["post-2492","post","type-post","status-publish","format-standard","has-post-thumbnail","hentry","category-policiales","category-provinciales","tag-ruta-20","tag-siniestro","tag-urdinarrain","tag-vial"],"_links":{"self":[{"href":"https:\/\/impactodenoticias.com.ar\/index.php?rest_route=\/wp\/v2\/posts\/2492","targetHints":{"allow":["GET"]}}],"collection":[{"href":"https:\/\/impactodenoticias.com.ar\/index.php?rest_route=\/wp\/v2\/posts"}],"about":[{"href":"https:\/\/impactodenoticias.com.ar\/index.php?rest_route=\/wp\/v2\/types\/post"}],"author":[{"embeddable":true,"href":"https:\/\/impactodenoticias.com.ar\/index.php?rest_route=\/wp\/v2\/users\/2"}],"replies":[{"embeddable":true,"href":"https:\/\/impactodenoticias.com.ar\/index.php?rest_route=%2Fwp%2Fv2%2Fcomments&post=2492"}],"version-history":[{"count":2,"href":"https:\/\/impactodenoticias.com.ar\/index.php?rest_route=\/wp\/v2\/posts\/2492\/revisions"}],"predecessor-version":[{"id":2495,"href":"https:\/\/impactodenoticias.com.ar\/index.php?rest_route=\/wp\/v2\/posts\/2492\/revisions\/2495"}],"wp:featuredmedia":[{"embeddable":true,"href":"https:\/\/impactodenoticias.com.ar\/index.php?rest_route=\/wp\/v2\/media\/2493"}],"wp:attachment":[{"href":"https:\/\/impactodenoticias.com.ar\/index.php?rest_route=%2Fwp%2Fv2%2Fmedia&parent=2492"}],"wp:term":[{"taxonomy":"category","embeddable":true,"href":"https:\/\/impactodenoticias.com.ar\/index.php?rest_route=%2Fwp%2Fv2%2Fcategories&post=2492"},{"taxonomy":"post_tag","embeddable":true,"href":"https:\/\/impactodenoticias.com.ar\/index.php?rest_route=%2Fwp%2Fv2%2Ftags&post=2492"}],"curies":[{"name":"wp","href":"https:\/\/api.w.org\/{rel}","templated":true}]}}