{"id":2496,"date":"2024-08-15T09:15:39","date_gmt":"2024-08-15T12:15:39","guid":{"rendered":"https:\/\/impactodenoticias.com.ar\/?p=2496"},"modified":"2024-08-15T09:15:39","modified_gmt":"2024-08-15T12:15:39","slug":"una-iglesia-debera-pagar-650-000-pesos-de-luz-y-hay-gran-preocupacion","status":"publish","type":"post","link":"https:\/\/impactodenoticias.com.ar\/?p=2496","title":{"rendered":"Una iglesia deber\u00e1 pagar 650.000 pesos de luz y hay gran preocupaci\u00f3n"},"content":{"rendered":"\n<p><strong>\u00abAc\u00e1 funcionan aulas, un centro de ayuda para chicos que tienen problemas con la droga, C\u00e1ritas y es una situaci\u00f3n insostenible\u00bb, se\u00f1al\u00f3 el padre. Se trata de la iglesia Domingo Savio de Paran\u00e1.<\/strong><\/p>\n\n\n\n<p>En la parroquia Domingo Savio de la ciudad de Paran\u00e1 la factura de la luz lleg\u00f3 por un monto de 650 mil pesos y gener\u00f3 una enorme preocupaci\u00f3n.<\/p>\n\n\n\n<p>El Padre Walter Minigutti cont\u00f3 que \u201ctienen tres medidores\u201d y manifest\u00f3 estar preocupados. \u201cSon esas cartas que llegan al buz\u00f3n y una las mira de reojo con tal de no ver\u201d, dijo. \u201cLa Parroquia siempre est\u00e1 con actividades no solamente religiosas sino tambi\u00e9n de ayuda social. Ac\u00e1 funcionan aulas, un centro de ayuda para chicos que tienen problemas con la droga, c\u00e1ritas y es una situaci\u00f3n insostenible\u201d, explic\u00f3.<\/p>\n\n\n\n<p>\u201cLa parroquia no cuenta con ning\u00fan subsidio por eso nos queremos reunir con todos los p\u00e1rrocos para hacer una carta para que haya un poco de descuento\u201d, indic\u00f3.<\/p>\n\n\n\n<p>Explic\u00f3 adem\u00e1s que la parroquia se sostiene unicamente por la colaboracion de los vecinos, en las colectas de las misas y las variadas actividades que realizan semana tras semana, como bingos, venta de pre pizzas, y dej\u00f3 en claro que no reciben ning\u00fan tipo de subsidios ni env\u00edo de dinero.<\/p>\n\n\n\n<p>\u201cNosotros tambi\u00e9n contamos con una escuela Primaria, uno no pide no pagar sino una ayuda para abaratar los costos\u201d, concluy\u00f3 el sacerdote.<\/p>\n","protected":false},"excerpt":{"rendered":"<p>&laquo;Ac&aacute; funcionan aulas, un centro de ayuda para chicos que tienen problemas con la droga, C&aacute;ritas y es una situaci&oacute;n insostenible&raquo;, se&ntilde;al&oacute; el padre. Se trata de la iglesia Domingo Savio de Paran&aacute;. En la parroquia Domingo Savio de la ciudad de Paran&aacute; la factura de la luz lleg&oacute; por un monto de 650 mil [&hellip;]<\/p>\n","protected":false},"author":2,"featured_media":2497,"comment_status":"open","ping_status":"open","sticky":false,"template":"","format":"standard","meta":{"footnotes":""},"categories":[3,49],"tags":[1224,1222,1223,82,95],"class_list":["post-2496","post","type-post","status-publish","format-standard","has-post-thumbnail","hentry","category-locales","category-sociedad","tag-domingo-savio","tag-factura","tag-iglesia","tag-luz","tag-parana"],"_links":{"self":[{"href":"https:\/\/impactodenoticias.com.ar\/index.php?rest_route=\/wp\/v2\/posts\/2496","targetHints":{"allow":["GET"]}}],"collection":[{"href":"https:\/\/impactodenoticias.com.ar\/index.php?rest_route=\/wp\/v2\/posts"}],"about":[{"href":"https:\/\/impactodenoticias.com.ar\/index.php?rest_route=\/wp\/v2\/types\/post"}],"author":[{"embeddable":true,"href":"https:\/\/impactodenoticias.com.ar\/index.php?rest_route=\/wp\/v2\/users\/2"}],"replies":[{"embeddable":true,"href":"https:\/\/impactodenoticias.com.ar\/index.php?rest_route=%2Fwp%2Fv2%2Fcomments&post=2496"}],"version-history":[{"count":1,"href":"https:\/\/impactodenoticias.com.ar\/index.php?rest_route=\/wp\/v2\/posts\/2496\/revisions"}],"predecessor-version":[{"id":2498,"href":"https:\/\/impactodenoticias.com.ar\/index.php?rest_route=\/wp\/v2\/posts\/2496\/revisions\/2498"}],"wp:featuredmedia":[{"embeddable":true,"href":"https:\/\/impactodenoticias.com.ar\/index.php?rest_route=\/wp\/v2\/media\/2497"}],"wp:attachment":[{"href":"https:\/\/impactodenoticias.com.ar\/index.php?rest_route=%2Fwp%2Fv2%2Fmedia&parent=2496"}],"wp:term":[{"taxonomy":"category","embeddable":true,"href":"https:\/\/impactodenoticias.com.ar\/index.php?rest_route=%2Fwp%2Fv2%2Fcategories&post=2496"},{"taxonomy":"post_tag","embeddable":true,"href":"https:\/\/impactodenoticias.com.ar\/index.php?rest_route=%2Fwp%2Fv2%2Ftags&post=2496"}],"curies":[{"name":"wp","href":"https:\/\/api.w.org\/{rel}","templated":true}]}}