{"id":2547,"date":"2024-08-15T20:03:56","date_gmt":"2024-08-15T23:03:56","guid":{"rendered":"https:\/\/impactodenoticias.com.ar\/?p=2547"},"modified":"2024-08-15T20:03:56","modified_gmt":"2024-08-15T23:03:56","slug":"increparon-al-gobernador-frigerio-en-gualeguaychu","status":"publish","type":"post","link":"https:\/\/impactodenoticias.com.ar\/?p=2547","title":{"rendered":"Increparon al gobernador Frigerio en Gualeguaych\u00fa"},"content":{"rendered":"\n<p><strong>La visita del gobernador Rogelio Frigerio a Gualeguaych\u00fa tension\u00f3 la paritaria docente. El breve encuentro con los dirigentes de Agmer despert\u00f3 un gran enojo de los maestros que protestaban en el Cors\u00f3dromo.<\/strong><\/p>\n\n\n\n<p>El gobernador de Entre R\u00edos tuvo un paso fugaz por la ciudad en la tarde de este jueves y se cruz\u00f3 con una protesta de numerosos maestros y profesores en reclamo de mejoras salariales.<\/p>\n\n\n\n<p>Finalmente, Frigerio opt\u00f3 por retirarse del Cors\u00f3dromo sin hacer declaraciones period\u00edsticas mientras los manifestantes se acercaban con cacerolas y carteles al veh\u00edculo oficial demostrando su molestia con la situaci\u00f3n salarial y social que atraviesan.<\/p>\n\n\n\n<p><\/p>\n\n\n\n<figure class=\"wp-block-image size-full\"><img loading=\"lazy\" decoding=\"async\" width=\"879\" height=\"586\" src=\"https:\/\/impactodenoticias.com.ar\/wp-content\/uploads\/2024\/08\/l_1723756491.jpg\" alt=\"\" class=\"wp-image-2550\" srcset=\"https:\/\/impactodenoticias.com.ar\/wp-content\/uploads\/2024\/08\/l_1723756491.jpg 879w, https:\/\/impactodenoticias.com.ar\/wp-content\/uploads\/2024\/08\/l_1723756491-300x200.jpg 300w, https:\/\/impactodenoticias.com.ar\/wp-content\/uploads\/2024\/08\/l_1723756491-768x512.jpg 768w\" sizes=\"auto, (max-width: 879px) 100vw, 879px\" \/><\/figure>\n\n\n\n<p><\/p>\n\n\n\n<p>Antes de la entrega de 225 escrituras a propietarios de vivienda sociales de la ciudad, el gobernador Rogelio Frigerio recibi\u00f3 en el Centro de Convenciones a cuatro integrantes de AGMER pero sus respuestas generaron a\u00fan m\u00e1s enojo en los docentes que protestaban en la puerta del lugar desde horas tempranas de la tarde.<\/p>\n\n\n\n<p><\/p>\n\n\n\n<figure class=\"wp-block-video\"><video height=\"864\" style=\"aspect-ratio: 480 \/ 864;\" width=\"480\" controls src=\"https:\/\/impactodenoticias.com.ar\/wp-content\/uploads\/2024\/08\/WhatsApp-Video-2024-08-15-at-19.06.10-1-1.mp4\"><\/video><\/figure>\n\n\n\n<p>Al finalizar el acto, el gobernador cancel\u00f3 la rueda de prensa con los medios y atraves\u00f3 la pasarela Jos\u00e9 Luis Gesto casi corriendo con un grupo de docentes que le reclamaban por sus bajos salarios. Logr\u00f3 subirse a la camioneta oficial y regresar a Paran\u00e1 en el helic\u00f3ptero que lo trajo hasta el Aeroclub local.<\/p>\n\n\n\n<p>Durante la reuni\u00f3n con el gobernador los integrantes de Agmer encabezados con Natalia Zucol y Oscar Avila, en representaci\u00f3n de los activos y jubilados, le entregaron un petitorio y le hicieron saber sobre las condiciones y deficiencias de las escuelas. A su vez, le reclamaron respuestas a una mejora de las condiciones salariales y otro punto que le plantearon fue su discrepancia con el aumento de los aportes que realizan todos los meses a la Caja de Jubilaciones.<\/p>\n\n\n\n<p>\u201cNo obtuvimos respuesta, no nos escuch\u00f3\u201d dijeron los docentes a la salida de encuentro. Cuando le comunicaron al resto de los maestros que estaban esperando en la puerta del Centro de Convenciones desde las tres de la tarde el descontento creci\u00f3 y volvieron a agitarse los carteles donde se manifestaba contra el gobernador con frases que expresaban: \u201cFrigerio igual miseria\u201d o \u201cFrigerio igual hambre\u201d y otros reclamos muy fuertes contra las medidas de la Gobernaci\u00f3n respecto de la paritaria.<\/p>\n\n\n\n<p>El enojo se manifest\u00f3 con cacerolas, con pancartas y con banderas en contra del gobernador y el proceso paritario que se est\u00e1 llevando adelante y se encuentra estancado.<\/p>\n\n\n\n<p>En la reuni\u00f3n con los gremios, el gobernador prometi\u00f3 que el 1 de septiembre se rehabilitar\u00e1 la paritaria, les dijo que es el m\u00e1ximo esfuerzo posible que pude realizar la Provincia con respecto a los ofrecimientos salariales porque no cuenta con los fondos disponibles para hacer frente a erogaciones mayores.<\/p>\n\n\n\n<p>La visita breve termin\u00f3 siendo un caldo de cultivo que pone a\u00fan m\u00e1s en tensi\u00f3n la paritaria docente que lleva cinco d\u00edas de paro en la Provincia desde que se reanud\u00f3 el ciclo lectivo en julio pasado y 14 jornadas en ocho meses.<\/p>\n\n\n\n<p>Fuente: R2820<\/p>\n","protected":false},"excerpt":{"rendered":"<p>La visita del gobernador Rogelio Frigerio a Gualeguaych&uacute; tension&oacute; la paritaria docente. El breve encuentro con los dirigentes de Agmer despert&oacute; un gran enojo de los maestros que protestaban en el Cors&oacute;dromo. El gobernador de Entre R&iacute;os tuvo un paso fugaz por la ciudad en la tarde de este jueves y se cruz&oacute; con una [&hellip;]<\/p>\n","protected":false},"author":2,"featured_media":2551,"comment_status":"open","ping_status":"open","sticky":false,"template":"","format":"standard","meta":{"footnotes":""},"categories":[11,4],"tags":[1252,33,280,1251,39],"class_list":["post-2547","post","type-post","status-publish","format-standard","has-post-thumbnail","hentry","category-politica","category-provinciales","tag-corsodromo","tag-entre-rios","tag-gualeguaychu","tag-increparon","tag-rogelio-frigerio"],"_links":{"self":[{"href":"https:\/\/impactodenoticias.com.ar\/index.php?rest_route=\/wp\/v2\/posts\/2547","targetHints":{"allow":["GET"]}}],"collection":[{"href":"https:\/\/impactodenoticias.com.ar\/index.php?rest_route=\/wp\/v2\/posts"}],"about":[{"href":"https:\/\/impactodenoticias.com.ar\/index.php?rest_route=\/wp\/v2\/types\/post"}],"author":[{"embeddable":true,"href":"https:\/\/impactodenoticias.com.ar\/index.php?rest_route=\/wp\/v2\/users\/2"}],"replies":[{"embeddable":true,"href":"https:\/\/impactodenoticias.com.ar\/index.php?rest_route=%2Fwp%2Fv2%2Fcomments&post=2547"}],"version-history":[{"count":1,"href":"https:\/\/impactodenoticias.com.ar\/index.php?rest_route=\/wp\/v2\/posts\/2547\/revisions"}],"predecessor-version":[{"id":2553,"href":"https:\/\/impactodenoticias.com.ar\/index.php?rest_route=\/wp\/v2\/posts\/2547\/revisions\/2553"}],"wp:featuredmedia":[{"embeddable":true,"href":"https:\/\/impactodenoticias.com.ar\/index.php?rest_route=\/wp\/v2\/media\/2551"}],"wp:attachment":[{"href":"https:\/\/impactodenoticias.com.ar\/index.php?rest_route=%2Fwp%2Fv2%2Fmedia&parent=2547"}],"wp:term":[{"taxonomy":"category","embeddable":true,"href":"https:\/\/impactodenoticias.com.ar\/index.php?rest_route=%2Fwp%2Fv2%2Fcategories&post=2547"},{"taxonomy":"post_tag","embeddable":true,"href":"https:\/\/impactodenoticias.com.ar\/index.php?rest_route=%2Fwp%2Fv2%2Ftags&post=2547"}],"curies":[{"name":"wp","href":"https:\/\/api.w.org\/{rel}","templated":true}]}}