{"id":2554,"date":"2024-08-15T21:57:25","date_gmt":"2024-08-16T00:57:25","guid":{"rendered":"https:\/\/impactodenoticias.com.ar\/?p=2554"},"modified":"2024-08-15T21:57:25","modified_gmt":"2024-08-16T00:57:25","slug":"si-no-llegamos-a-los-190-dias-se-extenderan-las-clases-o-se-empezara-antes-expreso-troncoso","status":"publish","type":"post","link":"https:\/\/impactodenoticias.com.ar\/?p=2554","title":{"rendered":"\u201cSi no llegamos a los 190 d\u00edas, se extender\u00e1n las clases o se empezar\u00e1 antes\u201d, expres\u00f3 Troncoso"},"content":{"rendered":"\n<p><strong>El ministro de Gobierno y Trabajo, Manuel Troncoso, manifest\u00f3 en declaraciones radiales, en medio de los paros docentes que \u201clos 190 d\u00edas de clases son innegociables y si hay que se extender se extiende, y si hay que empezar antes, se empieza\u201d.<\/strong><\/p>\n\n\n\n<p>Troncoso estim\u00f3 que actualmente se vive \u201cun contexto de escasez total\u201d, en la Argentina y destac\u00f3 que \u201cel gobierno nacional se ha corrido absolutamente de las responsabilidades que tiene sobre las provincias. Gran parte del recorte salarial docente es en debido a este corrimiento del gobierno nacional. Es un contexto particular\u201d, argument\u00f3.<\/p>\n\n\n\n<p>La oferta y la propuesta del mandatario provincial consiste en una suma fija no remunerativa de 120 mil pesos, a pagarse en tres cuotas de 40 mil cada una, m\u00e1s un aumento del 5 % sobre el salario del mes de julio y en el salario de agosto se abonar\u00e1 la pauta inflacionaria. Adem\u00e1s, se incrementar\u00e1 el salario docente, de 379 mil pesos a 450 mil. \u201cEse aumento, m\u00e1s el bono sobre el salario de julio, se ver\u00eda reflejado un aumento de casi 30 puntos sobre los salarios m\u00ednimos\u201d, subray\u00f3.<\/p>\n\n\n\n<p>Consultado sobre si contin\u00faa firme la decisi\u00f3n de descontar a los trabajadores, contest\u00f3 que \u201cse mantiene. Es lo que venimos haciendo, no fue intempestivo, fue charlado previamente. Lo hablamos en un marco paritario, en charlas informales. Es diferente un paro aislado, de cuando hay una praxis sistem\u00e1tica de la medida de fuerza. Ellos tienen derecho a ejercerlo, pero nosotros tenemos derecho a descontarlo\u201d, afirm\u00f3 el ministro.<\/p>\n\n\n\n<p>\u201cLos 190 d\u00edas de clases para nosotros son innegociables, y si hay que extender el cronograma escolar, se extiende. Y si hay que empezar antes el a\u00f1o que viene, empezaremos antes las clases. Los d\u00edas de paro, ca\u00eddos, se recuperan. No nos podemos dar el lujo de dejar a los chicos sin ir a la escuela. No es la variable de ajuste\u201d, remarc\u00f3 el ministro.<\/p>\n\n\n\n<p>Respecto a las instituciones que abordaron de forma diferente la medida de fuerza, se\u00f1al\u00f3 que el Consejo General de Educaci\u00f3n ya est\u00e1 trabajando en esas variables y adelant\u00f3 que se contar\u00e1 con un plan oportuno para cada escuela, en funci\u00f3n de recuperar las clases.<\/p>\n\n\n\n<p>Finalmente, consultado sobre el panorama que se espera en los pr\u00f3ximos d\u00edas, Troncoso se\u00f1al\u00f3 que no pierden las \u201cexpectativas y las esperanzas\u201d, para alcanzar una negociaci\u00f3n. \u201cSiempre los puentes tienen que estar tendidos, porque en estas tenciones los que quedan de rehenes son los chicos. Estamos enfocados en volver a dialogar\u201d, expres\u00f3. La reuni\u00f3n para acordar las pr\u00f3ximas paritarias, est\u00e1 prevista para el mes de septiembre. \u201cEl di\u00e1logo con los gremios es bueno, no se ha roto nada. Hay que ser humilde y emp\u00e1tico\u201d, concluy\u00f3.<\/p>\n","protected":false},"excerpt":{"rendered":"<p>El ministro de Gobierno y Trabajo, Manuel Troncoso, manifest&oacute; en declaraciones radiales, en medio de los paros docentes que &ldquo;los 190 d&iacute;as de clases son innegociables y si hay que se extender se extiende, y si hay que empezar antes, se empieza&rdquo;. Troncoso estim&oacute; que actualmente se vive &ldquo;un contexto de escasez total&rdquo;, en la [&hellip;]<\/p>\n","protected":false},"author":2,"featured_media":2555,"comment_status":"open","ping_status":"open","sticky":false,"template":"","format":"standard","meta":{"footnotes":""},"categories":[91,11,4],"tags":[799,332],"class_list":["post-2554","post","type-post","status-publish","format-standard","has-post-thumbnail","hentry","category-gremiales","category-politica","category-provinciales","tag-docentes","tag-manuel-troncoso"],"_links":{"self":[{"href":"https:\/\/impactodenoticias.com.ar\/index.php?rest_route=\/wp\/v2\/posts\/2554","targetHints":{"allow":["GET"]}}],"collection":[{"href":"https:\/\/impactodenoticias.com.ar\/index.php?rest_route=\/wp\/v2\/posts"}],"about":[{"href":"https:\/\/impactodenoticias.com.ar\/index.php?rest_route=\/wp\/v2\/types\/post"}],"author":[{"embeddable":true,"href":"https:\/\/impactodenoticias.com.ar\/index.php?rest_route=\/wp\/v2\/users\/2"}],"replies":[{"embeddable":true,"href":"https:\/\/impactodenoticias.com.ar\/index.php?rest_route=%2Fwp%2Fv2%2Fcomments&post=2554"}],"version-history":[{"count":1,"href":"https:\/\/impactodenoticias.com.ar\/index.php?rest_route=\/wp\/v2\/posts\/2554\/revisions"}],"predecessor-version":[{"id":2556,"href":"https:\/\/impactodenoticias.com.ar\/index.php?rest_route=\/wp\/v2\/posts\/2554\/revisions\/2556"}],"wp:featuredmedia":[{"embeddable":true,"href":"https:\/\/impactodenoticias.com.ar\/index.php?rest_route=\/wp\/v2\/media\/2555"}],"wp:attachment":[{"href":"https:\/\/impactodenoticias.com.ar\/index.php?rest_route=%2Fwp%2Fv2%2Fmedia&parent=2554"}],"wp:term":[{"taxonomy":"category","embeddable":true,"href":"https:\/\/impactodenoticias.com.ar\/index.php?rest_route=%2Fwp%2Fv2%2Fcategories&post=2554"},{"taxonomy":"post_tag","embeddable":true,"href":"https:\/\/impactodenoticias.com.ar\/index.php?rest_route=%2Fwp%2Fv2%2Ftags&post=2554"}],"curies":[{"name":"wp","href":"https:\/\/api.w.org\/{rel}","templated":true}]}}