{"id":2557,"date":"2024-08-16T09:30:10","date_gmt":"2024-08-16T12:30:10","guid":{"rendered":"https:\/\/impactodenoticias.com.ar\/?p=2557"},"modified":"2024-08-16T09:30:10","modified_gmt":"2024-08-16T12:30:10","slug":"clima-en-entre-rios-este-viernes-se-presenta-con-buen-clima-en-todo-el-territorio-provincial","status":"publish","type":"post","link":"https:\/\/impactodenoticias.com.ar\/?p=2557","title":{"rendered":"Clima en Entre R\u00edos: este viernes se presenta con buen clima en todo el territorio provincial"},"content":{"rendered":"\n<h3 class=\"wp-block-heading\">El pron\u00f3stico extendido informa de un fin de semana con nubosidad en aumento. En el inicio de la semana, podr\u00edan volver las lluvias a Entre R\u00edos.<\/h3>\n\n\n\n<p>El Servicio Meteorol\u00f3gico Nacional \u2013SMN\u2013 pronostica para este viernes buen tiempo, con temperaturas m\u00ednimas de entre 8 y 11 grados y m\u00e1ximas de entre 18 y 24 grados.<\/p>\n\n\n\n<p>La nubosidad ir\u00e1 en aumento paulatino, incluso durante el fin de semana. El cielo estar\u00e1 entre mayormente nublado y nublado el s\u00e1bado y domingo. Posteriormente entre lunes y martes regresar\u00edan las lluvias.<\/p>\n\n\n\n<p><strong>Pron\u00f3stico de lluvias en Entre R\u00edos<\/strong><\/p>\n\n\n\n<p>En Paran\u00e1, La Paz, Diamante, Villaguay y Nogoy\u00e1 anuncian lluvias aisladas reci\u00e9n para el martes durante toda la jornada y la ma\u00f1ana del mi\u00e9rcoles.<\/p>\n\n\n\n<p><\/p>\n\n\n\n<figure class=\"wp-block-image size-full\"><img loading=\"lazy\" decoding=\"async\" width=\"637\" height=\"465\" src=\"https:\/\/impactodenoticias.com.ar\/wp-content\/uploads\/2024\/08\/scrnli_16_8_2024_9-28-25.png\" alt=\"\" class=\"wp-image-2558\" srcset=\"https:\/\/impactodenoticias.com.ar\/wp-content\/uploads\/2024\/08\/scrnli_16_8_2024_9-28-25.png 637w, https:\/\/impactodenoticias.com.ar\/wp-content\/uploads\/2024\/08\/scrnli_16_8_2024_9-28-25-300x219.png 300w\" sizes=\"auto, (max-width: 637px) 100vw, 637px\" \/><\/figure>\n\n\n\n<p><\/p>\n\n\n\n<p>Mientras que en Col\u00f3n, Gualeguaych\u00fa, Uruguay, Tala e Islas del Ibicuy lluvias aisladas desde el martes de tarde y durante todo el d\u00eda mi\u00e9rcoles.<\/p>\n\n\n\n<p><\/p>\n\n\n\n<figure class=\"wp-block-image size-full\"><img loading=\"lazy\" decoding=\"async\" width=\"638\" height=\"466\" src=\"https:\/\/impactodenoticias.com.ar\/wp-content\/uploads\/2024\/08\/scrnli_16_8_2024_9-28-48.png\" alt=\"\" class=\"wp-image-2559\" srcset=\"https:\/\/impactodenoticias.com.ar\/wp-content\/uploads\/2024\/08\/scrnli_16_8_2024_9-28-48.png 638w, https:\/\/impactodenoticias.com.ar\/wp-content\/uploads\/2024\/08\/scrnli_16_8_2024_9-28-48-300x219.png 300w\" sizes=\"auto, (max-width: 638px) 100vw, 638px\" \/><\/figure>\n\n\n\n<p><\/p>\n\n\n\n<p>Para Concordia, Federal, Federaci\u00f3n, Feliciano y San Salvador se prev\u00e9n tormentas aisladas a partir del lunes y durante la jornada del martes. El mi\u00e9rcoles continuar\u00edan de ma\u00f1ana y, luego, se anuncian chaparrones.<\/p>\n\n\n\n<p>En Victoria y Gualeguay pronostican lluvias aisladas el martes de tarde y todo el mi\u00e9rcoles.<\/p>\n","protected":false},"excerpt":{"rendered":"<p>El pron&oacute;stico extendido informa de un fin de semana con nubosidad en aumento. En el inicio de la semana, podr&iacute;an volver las lluvias a Entre R&iacute;os. El Servicio Meteorol&oacute;gico Nacional &ndash;SMN&ndash; pronostica para este viernes buen tiempo, con temperaturas m&iacute;nimas de entre 8 y 11 grados y m&aacute;ximas de entre 18 y 24 grados. La [&hellip;]<\/p>\n","protected":false},"author":2,"featured_media":2560,"comment_status":"open","ping_status":"open","sticky":false,"template":"","format":"standard","meta":{"footnotes":""},"categories":[4,49],"tags":[38,33],"class_list":["post-2557","post","type-post","status-publish","format-standard","has-post-thumbnail","hentry","category-provinciales","category-sociedad","tag-clima","tag-entre-rios"],"_links":{"self":[{"href":"https:\/\/impactodenoticias.com.ar\/index.php?rest_route=\/wp\/v2\/posts\/2557","targetHints":{"allow":["GET"]}}],"collection":[{"href":"https:\/\/impactodenoticias.com.ar\/index.php?rest_route=\/wp\/v2\/posts"}],"about":[{"href":"https:\/\/impactodenoticias.com.ar\/index.php?rest_route=\/wp\/v2\/types\/post"}],"author":[{"embeddable":true,"href":"https:\/\/impactodenoticias.com.ar\/index.php?rest_route=\/wp\/v2\/users\/2"}],"replies":[{"embeddable":true,"href":"https:\/\/impactodenoticias.com.ar\/index.php?rest_route=%2Fwp%2Fv2%2Fcomments&post=2557"}],"version-history":[{"count":1,"href":"https:\/\/impactodenoticias.com.ar\/index.php?rest_route=\/wp\/v2\/posts\/2557\/revisions"}],"predecessor-version":[{"id":2561,"href":"https:\/\/impactodenoticias.com.ar\/index.php?rest_route=\/wp\/v2\/posts\/2557\/revisions\/2561"}],"wp:featuredmedia":[{"embeddable":true,"href":"https:\/\/impactodenoticias.com.ar\/index.php?rest_route=\/wp\/v2\/media\/2560"}],"wp:attachment":[{"href":"https:\/\/impactodenoticias.com.ar\/index.php?rest_route=%2Fwp%2Fv2%2Fmedia&parent=2557"}],"wp:term":[{"taxonomy":"category","embeddable":true,"href":"https:\/\/impactodenoticias.com.ar\/index.php?rest_route=%2Fwp%2Fv2%2Fcategories&post=2557"},{"taxonomy":"post_tag","embeddable":true,"href":"https:\/\/impactodenoticias.com.ar\/index.php?rest_route=%2Fwp%2Fv2%2Ftags&post=2557"}],"curies":[{"name":"wp","href":"https:\/\/api.w.org\/{rel}","templated":true}]}}