{"id":2576,"date":"2024-08-16T10:56:42","date_gmt":"2024-08-16T13:56:42","guid":{"rendered":"https:\/\/impactodenoticias.com.ar\/?p=2576"},"modified":"2024-08-16T10:56:42","modified_gmt":"2024-08-16T13:56:42","slug":"la-uta-definio-un-paro-de-colectivos-para-el-proximo-jueves-y-viernes-la-situacion-en-parana","status":"publish","type":"post","link":"https:\/\/impactodenoticias.com.ar\/?p=2576","title":{"rendered":"La UTA defini\u00f3 un paro de colectivos para el pr\u00f3ximo jueves y viernes. La situaci\u00f3n en Paran\u00e1"},"content":{"rendered":"\n<p><strong>Tras una reuni\u00f3n entre UTA y FATAP, se analiz\u00f3 la grave situaci\u00f3n del sector y los reclamos de los choferes. Se tomar\u00e1n medidas de fuerza si no se llega a un acuerdo.<\/strong><\/p>\n\n\n\n<p>Representantes de la Uni\u00f3n Tranviarios Automotor (UTA) y de la Federaci\u00f3n Argentina de Transporte Automotor de Pasajeros (Fatap) llevaron a cabo un encuentro este jueves en el marco de las negociaciones salariales.<\/p>\n\n\n\n<p>Sin acuerdos por ahora, desde el gremio de choferes anunciaron \u201ccomo medida de acci\u00f3n gremial en aquellas jurisdicciones en las que no se haya acordado salarios, cese de actividades para los d\u00edas 22 y 23 de agosto\u201c.<\/p>\n\n\n\n<p>De todas formar, \u201ca efectos de monitorear el estado de situaci\u00f3n y proseguir con las tratativas\u201d, las autoridades designaron nueva fecha de audiencia presencial para el mi\u00e9rcoles.<\/p>\n\n\n\n<p>Debido a la quita de subsidios, de acuerdo a los dichos de los empresarios, \u201cFATAP no se encuentra en este momento en posibilidad de avanzar en propuestas y\/o acuerdos que obliguen a sus afiliadas con un m\u00ednimo de sustentabilidad que garantice el cumplimiento de lo que se pacte\u201d.<\/p>\n\n\n\n<p>En ese sentido los empresarios piden incorporar a las autoridades locales y provinciales a la negociaci\u00f3n.<\/p>\n\n\n\n<p><strong>Paro de colectivos en Paran\u00e1<\/strong><\/p>\n\n\n\n<p>Este viernes se llevar\u00e1 a cabo una reuni\u00f3n clave en la Secretar\u00eda de Trabajo, entre el gremio, empresarios y representantes de provincia y Municipio. Si no hay acuerdo paritario, podr\u00eda haber paro a partir del lunes, informaron a <strong>IMPACTO DE NOTICIAS<\/strong>.<\/p>\n\n\n\n<p>Ante esta situaci\u00f3n, desde el Municipio trabajan en un plan de transporte con l\u00edneas troncales. Mientras que desde el gremio reclaman la actualizaci\u00f3n paritaria acordada hace tres meses.<\/p>\n","protected":false},"excerpt":{"rendered":"<p>Tras una reuni&oacute;n entre UTA y FATAP, se analiz&oacute; la grave situaci&oacute;n del sector y los reclamos de los choferes. Se tomar&aacute;n medidas de fuerza si no se llega a un acuerdo. Representantes de la Uni&oacute;n Tranviarios Automotor (UTA) y de la Federaci&oacute;n Argentina de Transporte Automotor de Pasajeros (Fatap) llevaron a cabo un encuentro [&hellip;]<\/p>\n","protected":false},"author":2,"featured_media":2577,"comment_status":"open","ping_status":"open","sticky":false,"template":"","format":"standard","meta":{"footnotes":""},"categories":[91,3],"tags":[348,1256,95,59,365],"class_list":["post-2576","post","type-post","status-publish","format-standard","has-post-thumbnail","hentry","category-gremiales","category-locales","tag-colectivos","tag-fatap","tag-parana","tag-paro","tag-uta"],"_links":{"self":[{"href":"https:\/\/impactodenoticias.com.ar\/index.php?rest_route=\/wp\/v2\/posts\/2576","targetHints":{"allow":["GET"]}}],"collection":[{"href":"https:\/\/impactodenoticias.com.ar\/index.php?rest_route=\/wp\/v2\/posts"}],"about":[{"href":"https:\/\/impactodenoticias.com.ar\/index.php?rest_route=\/wp\/v2\/types\/post"}],"author":[{"embeddable":true,"href":"https:\/\/impactodenoticias.com.ar\/index.php?rest_route=\/wp\/v2\/users\/2"}],"replies":[{"embeddable":true,"href":"https:\/\/impactodenoticias.com.ar\/index.php?rest_route=%2Fwp%2Fv2%2Fcomments&post=2576"}],"version-history":[{"count":1,"href":"https:\/\/impactodenoticias.com.ar\/index.php?rest_route=\/wp\/v2\/posts\/2576\/revisions"}],"predecessor-version":[{"id":2578,"href":"https:\/\/impactodenoticias.com.ar\/index.php?rest_route=\/wp\/v2\/posts\/2576\/revisions\/2578"}],"wp:featuredmedia":[{"embeddable":true,"href":"https:\/\/impactodenoticias.com.ar\/index.php?rest_route=\/wp\/v2\/media\/2577"}],"wp:attachment":[{"href":"https:\/\/impactodenoticias.com.ar\/index.php?rest_route=%2Fwp%2Fv2%2Fmedia&parent=2576"}],"wp:term":[{"taxonomy":"category","embeddable":true,"href":"https:\/\/impactodenoticias.com.ar\/index.php?rest_route=%2Fwp%2Fv2%2Fcategories&post=2576"},{"taxonomy":"post_tag","embeddable":true,"href":"https:\/\/impactodenoticias.com.ar\/index.php?rest_route=%2Fwp%2Fv2%2Ftags&post=2576"}],"curies":[{"name":"wp","href":"https:\/\/api.w.org\/{rel}","templated":true}]}}