{"id":2579,"date":"2024-08-16T11:07:15","date_gmt":"2024-08-16T14:07:15","guid":{"rendered":"https:\/\/impactodenoticias.com.ar\/?p=2579"},"modified":"2024-08-16T11:07:15","modified_gmt":"2024-08-16T14:07:15","slug":"se-presento-la-fiesta-nacional-de-la-avicultura-en-crespo","status":"publish","type":"post","link":"https:\/\/impactodenoticias.com.ar\/?p=2579","title":{"rendered":"Se present\u00f3 la Fiesta Nacional de la Avicultura en Crespo"},"content":{"rendered":"\n<p><strong>\u00abSomos la Capital Nacional de la Avicultura\u00bb Crespo, la ciudad que elegimos para vivir, desarrollarnos, crecer y progresar, se\u00f1alaron.<\/strong><\/p>\n\n\n\n<p>Tendremos tres jornadas, programadas para el viernes 8, s\u00e1bado 9 y domingo 10 de noviembre. Con exposici\u00f3n comercial, variadas y originales propuestas gastron\u00f3micas, en un clima festivo familiar y popular, acompa\u00f1ado de espect\u00e1culos t\u00edpicos locales, zonales y de destacados artistas de nivel nacional.<\/p>\n\n\n\n<p>Juntos ya comenzamos a transitar la previa a esta celebraci\u00f3n que tenemos como comunidad de trabajo en equipo, entre el sector privado y p\u00fablico, para seguir haciendo este \u2018Crespo lindo\u2019. El jueves 15 de agosto, desarrollamos el lanzamiento oficial de nuestra fiesta. Fue en el pabell\u00f3n ubicado en el predio ferial de la FNA. Cont\u00f3 con la presencia de autoridades de gobierno (provincial y local), integrantes de la Asociaci\u00f3n Civil Crespo Capital Nacional de la Avicultura, directivos y representantes de las empresas patrocinadoras, productores av\u00edcolas e invitados.<\/p>\n\n\n\n<p>Este a\u00f1o se cumplen 62 a\u00f1os de la primera edici\u00f3n, la cual fue visitada por el entonces presidente Arturo Illia, quien declar\u00f3 a Crespo como la Capital Nacional de la Avicultura.<\/p>\n\n\n\n<p>Los crespenses asumimos el compromiso de darle a esta fiesta un marco de jerarqu\u00eda, relevancia empresarial, art\u00edstica y popular, sosteni\u00e9ndola como s\u00edmbolo productivo y econ\u00f3mico.<\/p>\n\n\n\n<p>El lanzamiento de la FNA venidera consisti\u00f3 en un programa en vivo, con la presentaci\u00f3n de seis paneles tem\u00e1ticos, donde autoridades, empresarios y sponsors expusieron sobre las actividades a realizarse y la importancia del sector av\u00edcola en nuestra comunidad y regi\u00f3n.<\/p>\n\n\n\n<p><\/p>\n\n\n\n<figure class=\"wp-block-image size-full\"><img loading=\"lazy\" decoding=\"async\" width=\"1024\" height=\"684\" src=\"https:\/\/impactodenoticias.com.ar\/wp-content\/uploads\/2024\/08\/DSC_1677-1024x684-1.jpg\" alt=\"\" class=\"wp-image-2581\" srcset=\"https:\/\/impactodenoticias.com.ar\/wp-content\/uploads\/2024\/08\/DSC_1677-1024x684-1.jpg 1024w, https:\/\/impactodenoticias.com.ar\/wp-content\/uploads\/2024\/08\/DSC_1677-1024x684-1-300x200.jpg 300w, https:\/\/impactodenoticias.com.ar\/wp-content\/uploads\/2024\/08\/DSC_1677-1024x684-1-768x513.jpg 768w\" sizes=\"auto, (max-width: 1024px) 100vw, 1024px\" \/><\/figure>\n\n\n\n<p><\/p>\n\n\n\n<p>Al respecto, el intendente Marcelo Cerutti remarc\u00f3 que \u201cla avicultura es el eje de nuestra identidad. Es uno de los motores en el desarrollo econ\u00f3mico, nuestra base como comunidad emprendedora\u201d. Adem\u00e1s, afirm\u00f3: \u201cNuestra cultura del trabajo y del progreso, transitan los mismos caminos que el sector, para desarrollarnos juntos, con esfuerzo e incorporaci\u00f3n constantemente de conocimiento que permita seguir innovando en funci\u00f3n de los desaf\u00edos del presente y del futuro para el crecimiento\u201d. Tambi\u00e9n remarc\u00f3 que esta edici\u00f3n volver\u00e1 a contar con la participaci\u00f3n del Voluntariado, \u201cuna iniciativa que propone un espacio de compromiso y participaci\u00f3n para quienes deseen aportar y sumarse al fortalecimiento de los valores de trabajo y esfuerzo en equipo\u201d.<\/p>\n\n\n\n<p><\/p>\n\n\n\n<figure class=\"wp-block-image size-full\"><img loading=\"lazy\" decoding=\"async\" width=\"1024\" height=\"684\" src=\"https:\/\/impactodenoticias.com.ar\/wp-content\/uploads\/2024\/08\/DSC_1541-1024x684-1.jpg\" alt=\"\" class=\"wp-image-2582\" srcset=\"https:\/\/impactodenoticias.com.ar\/wp-content\/uploads\/2024\/08\/DSC_1541-1024x684-1.jpg 1024w, https:\/\/impactodenoticias.com.ar\/wp-content\/uploads\/2024\/08\/DSC_1541-1024x684-1-300x200.jpg 300w, https:\/\/impactodenoticias.com.ar\/wp-content\/uploads\/2024\/08\/DSC_1541-1024x684-1-768x513.jpg 768w\" sizes=\"auto, (max-width: 1024px) 100vw, 1024px\" \/><\/figure>\n\n\n\n<p><\/p>\n\n\n\n<p>Mariela Gallinger, presidenta de la Asociaci\u00f3n Civil Crespo Capital Nacional de la Avicultura, tambi\u00e9n destac\u00f3 el rol productivo del sector, \u201csiempre con una gran visi\u00f3n de futuro, en beneficio de la pujanza de esta ciudad y la regi\u00f3n\u201d. Adem\u00e1s, resalt\u00f3 la impronta del \u201carraigo a la cultura del trabajo, heredada de generaciones, como algo que nos identifica\u201d.<\/p>\n\n\n\n<p>Tambi\u00e9n explic\u00f3 que desde la asociaci\u00f3n se busca desarrollar un proceso educativo e informativo sobre la producci\u00f3n av\u00edcola. En ese contexto, adelant\u00f3 que trabajan en la planificaci\u00f3n de actividades, en los primeros d\u00edas de octubre, en el marco de la \u2018Semana del huevo\u2019, para dar a conocer la importancia y los aportes a la salud mediante la inclusi\u00f3n de este alimento en el consumo de la dieta diaria.<\/p>\n\n\n\n<ul class=\"wp-block-list\">\n<li><strong>Sponsors<\/strong><\/li>\n<\/ul>\n\n\n\n<p>Durante la presentaci\u00f3n, hubo paneles con la presencia de referentes de las empresas y organismos que acompa\u00f1an esta edici\u00f3n: Calisa Pollo Argentino, La Agr\u00edcola Regional Cooperativa Limitada, Tecnovo, Coopavier, Gobierno de Entre R\u00edos, Banco de Entre R\u00edos y CFI (Consejo Federal de Inversiones), Asociaci\u00f3n Civil Crespo Capital Nacional de la Avicultura y Municipalidad de Crespo.<\/p>\n\n\n\n<ul class=\"wp-block-list\">\n<li><strong>Cartelera art\u00edstica<\/strong><\/li>\n<\/ul>\n\n\n\n<p>El viernes 8 estar\u00e1 Uriel Lozano, en el cierre de la jornada inaugural que tendr\u00e1 cinco espect\u00e1culos musicales. La apertura de escenario ser\u00e1 a las 21:00 con la presentaci\u00f3n de la Banda Militar del Comando de la 2\u00aa Brigada Blindada \u2018General Justo Jos\u00e9 de Urquiza\u2019. Luego actuar\u00e1n: Media Pinta, Banda Rey e Inefables.<\/p>\n\n\n\n<p>El s\u00e1bado 9, se presentar\u00e1n Los Tekis en la bajada de tel\u00f3n de la noche. Previamente, desde las 20:30, ofrecer\u00e1n su espect\u00e1culo musical: Nativos (tributo a Gustavo Ceratti); Lustige Musicanten, Las Hermanas Vince y Maravillas Alemanas.<\/p>\n\n\n\n<p>El domingo 10, en la \u00faltima velada de la FNA, el show de cierre estar\u00e1 a cargo de La Delio Valdez. La apertura del escenario ser\u00e1 a las 20:15 y estar\u00e1 a cargo del Coro Municipal del Centenario y de la Orquesta Sinf\u00f3nica Municipal, ambos grupos pertenecientes a la Municipalidad de Crespo. El escenario mayor tambi\u00e9n contar\u00e1 con la m\u00fasica de Cantares de Mi Entre R\u00edos; Positivo Folk y Marcos Pereyra.<\/p>\n\n\n\n<p>Durante la noche de lanzamiento, Cerutti y Gallinger, tambi\u00e9n comentaron que en esta edici\u00f3n se contar\u00e1 con un escenario alternativo que estar\u00e1 ubicado en la zona del patio gastron\u00f3mico. El mismo tendr\u00e1 propuestas (artistas y DJ\u2019s) durante las primeras dos jornadas, extendi\u00e9ndose incluso una hora m\u00e1s con respecto al cierre del escenario principal.<\/p>\n\n\n\n<ul class=\"wp-block-list\">\n<li><strong>Stand y entradas<\/strong><\/li>\n<\/ul>\n\n\n\n<p>Evangelina Schmidt, secretaria de Econom\u00eda, Hacienda y Producci\u00f3n del municipio, ofreci\u00f3 detalles sobre la venta de espacios para expositores y sobre los valores de las entradas y las formas de adquisici\u00f3n.<\/p>\n\n\n\n<p>La venta anticipada comenzar\u00e1 el lunes 19 de agosto, en las cajas municipales. El combo de abono general para los tres d\u00edas, para los residentes en Crespo y Ejido, ser\u00e1 de $18.000 (presentando Documento Nacional de Identidad). Mientras que para los dem\u00e1s espectadores ser\u00e1 de $22.000.<\/p>\n\n\n\n<p>Con respecto al valor diario, para crespenses y ejido ser\u00e1 de $6.000 (el viernes), $8.000 (el s\u00e1bado) y $10.000 (el domingo). Menores de 16 a\u00f1os (inclusive) tendr\u00e1n acceso gratuito.<\/p>\n\n\n\n<p>Para los asistentes de otras localidades y provincias, el valor ser\u00e1: $7.000, $10.000 y $13.000, respectivamente cada d\u00eda. Menores de 12 a\u00f1os (inclusive) gratis.<\/p>\n\n\n\n<p>En todos los casos, habr\u00e1 descuento del 20% (por d\u00eda o combo) para jubilados. En tanto que las Personas con Discapacidad tendr\u00e1n ingreso gratuito presentando el Certificado \u00danico de Discapacidad (CUD).<\/p>\n\n\n\n<p>Mientras que los interesados en adquirir espacios para participar de la feria y exposici\u00f3n, deber\u00e1n contactarse a los siguientes n\u00fameros de tel\u00e9fono: 4951160 (interno 130) o WhatsApp al 343 4383060. Tambi\u00e9n podr\u00e1n acercarse al \u00c1rea de Turismo, ubicada en el edificio municipal, en 25 de Mayo 943.<\/p>\n\n\n\n<ul class=\"wp-block-list\">\n<li><strong>Concursos<\/strong><\/li>\n<\/ul>\n\n\n\n<p>Durante la noche del jueves, los asistentes fueron recibidos con canap\u00e9 de pollo. Adem\u00e1s, pudieron degustar de tres elaboraciones de pollo al disco con cocina en vivo. Todas las elaboraciones producidas por chefs locales que se suman a la promoci\u00f3n de la FNA. Alumnos de la Escuela Privada de Educaci\u00f3n Integral N\u00ba 11 \u2018Remedios de Escalada de San Mart\u00edn\u2019 realizaron la receta tradicional; mientras que los chefs sirvieron sus producciones de platos de pollo al disco a la cerveza y tambi\u00e9n a la crema.<\/p>\n\n\n\n<p>De esta forma tambi\u00e9n se presentaron los dos concursos de \u2018Pollo al disco\u2019 que se realizar\u00e1n este a\u00f1o. El s\u00e1bado ser\u00e1 con fines solidarios, con la participaci\u00f3n de instituciones de la ciudad. Mientras que el domingo se realizar\u00e1 la competencia abierta a todas las personas que deseen participar.<\/p>\n","protected":false},"excerpt":{"rendered":"<p>&laquo;Somos la Capital Nacional de la Avicultura&raquo; Crespo, la ciudad que elegimos para vivir, desarrollarnos, crecer y progresar, se&ntilde;alaron. Tendremos tres jornadas, programadas para el viernes 8, s&aacute;bado 9 y domingo 10 de noviembre. Con exposici&oacute;n comercial, variadas y originales propuestas gastron&oacute;micas, en un clima festivo familiar y popular, acompa&ntilde;ado de espect&aacute;culos t&iacute;picos locales, zonales [&hellip;]<\/p>\n","protected":false},"author":2,"featured_media":2583,"comment_status":"open","ping_status":"open","sticky":false,"template":"","format":"standard","meta":{"footnotes":""},"categories":[4,49],"tags":[337,1257,1258],"class_list":["post-2579","post","type-post","status-publish","format-standard","has-post-thumbnail","hentry","category-provinciales","category-sociedad","tag-crespo","tag-fiesta-avicultura","tag-marcelo-cerutti"],"_links":{"self":[{"href":"https:\/\/impactodenoticias.com.ar\/index.php?rest_route=\/wp\/v2\/posts\/2579","targetHints":{"allow":["GET"]}}],"collection":[{"href":"https:\/\/impactodenoticias.com.ar\/index.php?rest_route=\/wp\/v2\/posts"}],"about":[{"href":"https:\/\/impactodenoticias.com.ar\/index.php?rest_route=\/wp\/v2\/types\/post"}],"author":[{"embeddable":true,"href":"https:\/\/impactodenoticias.com.ar\/index.php?rest_route=\/wp\/v2\/users\/2"}],"replies":[{"embeddable":true,"href":"https:\/\/impactodenoticias.com.ar\/index.php?rest_route=%2Fwp%2Fv2%2Fcomments&post=2579"}],"version-history":[{"count":1,"href":"https:\/\/impactodenoticias.com.ar\/index.php?rest_route=\/wp\/v2\/posts\/2579\/revisions"}],"predecessor-version":[{"id":2584,"href":"https:\/\/impactodenoticias.com.ar\/index.php?rest_route=\/wp\/v2\/posts\/2579\/revisions\/2584"}],"wp:featuredmedia":[{"embeddable":true,"href":"https:\/\/impactodenoticias.com.ar\/index.php?rest_route=\/wp\/v2\/media\/2583"}],"wp:attachment":[{"href":"https:\/\/impactodenoticias.com.ar\/index.php?rest_route=%2Fwp%2Fv2%2Fmedia&parent=2579"}],"wp:term":[{"taxonomy":"category","embeddable":true,"href":"https:\/\/impactodenoticias.com.ar\/index.php?rest_route=%2Fwp%2Fv2%2Fcategories&post=2579"},{"taxonomy":"post_tag","embeddable":true,"href":"https:\/\/impactodenoticias.com.ar\/index.php?rest_route=%2Fwp%2Fv2%2Ftags&post=2579"}],"curies":[{"name":"wp","href":"https:\/\/api.w.org\/{rel}","templated":true}]}}