{"id":2704,"date":"2024-08-18T09:57:50","date_gmt":"2024-08-18T12:57:50","guid":{"rendered":"https:\/\/impactodenoticias.com.ar\/?p=2704"},"modified":"2024-08-18T09:57:50","modified_gmt":"2024-08-18T12:57:50","slug":"un-joven-encerro-a-sus-padres-tras-amenazarlos-y-robarles-dinero","status":"publish","type":"post","link":"https:\/\/impactodenoticias.com.ar\/?p=2704","title":{"rendered":"Un joven encerr\u00f3 a sus padres tras amenazarlos y robarles dinero"},"content":{"rendered":"\n<p><strong>El violento joven fue detenido y trasladado a Alcaid\u00eda de Tribunales de Paran\u00e1.<\/strong><\/p>\n\n\n\n<p>Funcionarios de la Comisar\u00eda Cuarta acudieron al llamado solicitando la ayuda de dos adultos mayores que se encontraban encerrados en su vivienda. El hecho sucedi\u00f3 este s\u00e1bado alrededor de las 21.35, en un domicilio de calle Vucetich de Paran\u00e1.<\/p>\n\n\n\n<p>Al llegar al lugar, se encontraron con un hombre de 80 a\u00f1os y una mujer de 76 a\u00f1os que hab\u00edan sido encerrados por su hijo de 19, quien les hab\u00eda sustra\u00eddo 11.000 pesos y los hab\u00eda amenazado.<\/p>\n\n\n\n<p>La fiscal\u00eda dispuso la detenci\u00f3n del violento joven y su traslado a la Alcaid\u00eda de tribunales por amenaza.<\/p>\n","protected":false},"excerpt":{"rendered":"<p>El violento joven fue detenido y trasladado a Alcaid&iacute;a de Tribunales de Paran&aacute;. Funcionarios de la Comisar&iacute;a Cuarta acudieron al llamado solicitando la ayuda de dos adultos mayores que se encontraban encerrados en su vivienda. El hecho sucedi&oacute; este s&aacute;bado alrededor de las 21.35, en un domicilio de calle Vucetich de Paran&aacute;. Al llegar al [&hellip;]<\/p>\n","protected":false},"author":2,"featured_media":2705,"comment_status":"open","ping_status":"open","sticky":false,"template":"","format":"standard","meta":{"footnotes":""},"categories":[3,8],"tags":[1315,1316,95],"class_list":["post-2704","post","type-post","status-publish","format-standard","has-post-thumbnail","hentry","category-locales","category-policiales","tag-encierro","tag-padres","tag-parana"],"_links":{"self":[{"href":"https:\/\/impactodenoticias.com.ar\/index.php?rest_route=\/wp\/v2\/posts\/2704","targetHints":{"allow":["GET"]}}],"collection":[{"href":"https:\/\/impactodenoticias.com.ar\/index.php?rest_route=\/wp\/v2\/posts"}],"about":[{"href":"https:\/\/impactodenoticias.com.ar\/index.php?rest_route=\/wp\/v2\/types\/post"}],"author":[{"embeddable":true,"href":"https:\/\/impactodenoticias.com.ar\/index.php?rest_route=\/wp\/v2\/users\/2"}],"replies":[{"embeddable":true,"href":"https:\/\/impactodenoticias.com.ar\/index.php?rest_route=%2Fwp%2Fv2%2Fcomments&post=2704"}],"version-history":[{"count":1,"href":"https:\/\/impactodenoticias.com.ar\/index.php?rest_route=\/wp\/v2\/posts\/2704\/revisions"}],"predecessor-version":[{"id":2706,"href":"https:\/\/impactodenoticias.com.ar\/index.php?rest_route=\/wp\/v2\/posts\/2704\/revisions\/2706"}],"wp:featuredmedia":[{"embeddable":true,"href":"https:\/\/impactodenoticias.com.ar\/index.php?rest_route=\/wp\/v2\/media\/2705"}],"wp:attachment":[{"href":"https:\/\/impactodenoticias.com.ar\/index.php?rest_route=%2Fwp%2Fv2%2Fmedia&parent=2704"}],"wp:term":[{"taxonomy":"category","embeddable":true,"href":"https:\/\/impactodenoticias.com.ar\/index.php?rest_route=%2Fwp%2Fv2%2Fcategories&post=2704"},{"taxonomy":"post_tag","embeddable":true,"href":"https:\/\/impactodenoticias.com.ar\/index.php?rest_route=%2Fwp%2Fv2%2Ftags&post=2704"}],"curies":[{"name":"wp","href":"https:\/\/api.w.org\/{rel}","templated":true}]}}