{"id":2707,"date":"2024-08-18T10:05:51","date_gmt":"2024-08-18T13:05:51","guid":{"rendered":"https:\/\/impactodenoticias.com.ar\/?p=2707"},"modified":"2024-08-18T10:15:48","modified_gmt":"2024-08-18T13:15:48","slug":"grave-hecho-de-violencia-en-urdinarrain-un-joven-alcoholizado-golpeo-a-su-pareja-y-termino-detenido","status":"publish","type":"post","link":"https:\/\/impactodenoticias.com.ar\/?p=2707","title":{"rendered":"Grave hecho de violencia en Urdinarrain: un joven alcoholizado golpe\u00f3 a su pareja y termin\u00f3 detenido"},"content":{"rendered":"\n<p><strong>El sujeto de 24 a\u00f1os, fue aprehendido por disposici\u00f3n de la fiscal en turno y trasladado a la Jefatura Departamental Gualeguaych\u00fa.<\/strong><\/p>\n\n\n\n<p>Personal policial de Comisar\u00eda Urdinarrain fue alertado, por parte del personal de tr\u00e1nsito municipal, este s\u00e1bado por la ma\u00f1ana sobre una discusi\u00f3n de pareja en la calle Dr. Silva, entre Urquiza y Pte. Per\u00f3n de dicha ciudad.<\/p>\n\n\n\n<p>Al llegar al lugar, se encontr\u00f3 a una mujer -con marcas visibles de golpes en el rostro-, quien dijo haber sido golpeada por su pareja. El agresor, de 24 a\u00f1os, fue aprehendido por disposici\u00f3n de la fiscal en turno y trasladado a la Jefatura Departamental Gualeguaych\u00fa.<\/p>\n\n\n\n<p>En el procedimiento adem\u00e1s, se le realiz\u00f3 un test de alcoholemia que arroj\u00f3 un resultado de 1,91 g\/l de alcohol en sangre. Debido al resultado, se retuvo tambi\u00e9n el veh\u00edculo en el que circulaban.<\/p>\n\n\n\n<p>Seg\u00fan se inform\u00f3 a <strong>IMPACTO DE NOTICIAS<\/strong>, la joven debi\u00f3 ser llevada en ambulancia para recibir atenci\u00f3n m\u00e9dica, para luego tomarle la denuncia.<\/p>\n","protected":false},"excerpt":{"rendered":"<p>El sujeto de 24 a&ntilde;os, fue aprehendido por disposici&oacute;n de la fiscal en turno y trasladado a la Jefatura Departamental Gualeguaych&uacute;. Personal policial de Comisar&iacute;a Urdinarrain fue alertado, por parte del personal de tr&aacute;nsito municipal, este s&aacute;bado por la ma&ntilde;ana sobre una discusi&oacute;n de pareja en la calle Dr. Silva, entre Urquiza y Pte. Per&oacute;n [&hellip;]<\/p>\n","protected":false},"author":2,"featured_media":2708,"comment_status":"open","ping_status":"open","sticky":false,"template":"","format":"standard","meta":{"footnotes":""},"categories":[8,4],"tags":[175,137,1221,1184],"class_list":["post-2707","post","type-post","status-publish","format-standard","has-post-thumbnail","hentry","category-policiales","category-provinciales","tag-detenido","tag-joven","tag-urdinarrain","tag-violencia-de-genero"],"_links":{"self":[{"href":"https:\/\/impactodenoticias.com.ar\/index.php?rest_route=\/wp\/v2\/posts\/2707","targetHints":{"allow":["GET"]}}],"collection":[{"href":"https:\/\/impactodenoticias.com.ar\/index.php?rest_route=\/wp\/v2\/posts"}],"about":[{"href":"https:\/\/impactodenoticias.com.ar\/index.php?rest_route=\/wp\/v2\/types\/post"}],"author":[{"embeddable":true,"href":"https:\/\/impactodenoticias.com.ar\/index.php?rest_route=\/wp\/v2\/users\/2"}],"replies":[{"embeddable":true,"href":"https:\/\/impactodenoticias.com.ar\/index.php?rest_route=%2Fwp%2Fv2%2Fcomments&post=2707"}],"version-history":[{"count":2,"href":"https:\/\/impactodenoticias.com.ar\/index.php?rest_route=\/wp\/v2\/posts\/2707\/revisions"}],"predecessor-version":[{"id":2711,"href":"https:\/\/impactodenoticias.com.ar\/index.php?rest_route=\/wp\/v2\/posts\/2707\/revisions\/2711"}],"wp:featuredmedia":[{"embeddable":true,"href":"https:\/\/impactodenoticias.com.ar\/index.php?rest_route=\/wp\/v2\/media\/2708"}],"wp:attachment":[{"href":"https:\/\/impactodenoticias.com.ar\/index.php?rest_route=%2Fwp%2Fv2%2Fmedia&parent=2707"}],"wp:term":[{"taxonomy":"category","embeddable":true,"href":"https:\/\/impactodenoticias.com.ar\/index.php?rest_route=%2Fwp%2Fv2%2Fcategories&post=2707"},{"taxonomy":"post_tag","embeddable":true,"href":"https:\/\/impactodenoticias.com.ar\/index.php?rest_route=%2Fwp%2Fv2%2Ftags&post=2707"}],"curies":[{"name":"wp","href":"https:\/\/api.w.org\/{rel}","templated":true}]}}