{"id":2728,"date":"2024-08-18T19:24:57","date_gmt":"2024-08-18T22:24:57","guid":{"rendered":"https:\/\/impactodenoticias.com.ar\/?p=2728"},"modified":"2024-08-18T19:50:43","modified_gmt":"2024-08-18T22:50:43","slug":"detectaron-un-cargamento-ilegal-de-envases-vacios-de-agroquimicos-en-el-tunel-subfluvial","status":"publish","type":"post","link":"https:\/\/impactodenoticias.com.ar\/?p=2728","title":{"rendered":"Detectaron un cargamento ilegal de envases vac\u00edos de agroqu\u00edmicos en el T\u00fanel Subfluvial"},"content":{"rendered":"\n<p><strong>Se trata de m\u00e1s de 500 envases t\u00f3xicos que debieron ser trasladados al Centro de Almacenamiento Transitorio (CAT) de Crespo, uno de los ocho destinados para la disposici\u00f3n de este tipo de residuos.<\/strong><\/p>\n\n\n\n<p>La Polic\u00eda de Entre R\u00edos intercept\u00f3 este viernes un nuevo cargamento ilegal de envases vac\u00edos de fitosanitarios en el puesto caminero del T\u00fanel Subfluvial.<\/p>\n\n\n\n<p>Los infractores, una familia oriunda de Santa Fe, fueron demorados y puestos en conocimiento de la Secretar\u00eda de Ambiente de la provincia.<\/p>\n\n\n\n<p>Los funcionarios Maximiliano G\u00f3mez y Mar\u00eda Valdez se hicieron presentes en el lugar y labraron el acta correspondiente, informando a los infractores sobre el incumplimiento de la ley nacional de residuos peligrosos 24051 y la ley de gesti\u00f3n de envases de fitosanitarios 27279.<\/p>\n\n\n\n<p>Los envases, alrededor de 500, fueron entregados voluntariamente y trasladados al Centro de Almacenamiento Transitorio (CAT) de Crespo, uno de los ocho espacios destinados para la disposici\u00f3n de este tipo de residuo en la provincia de Entre R\u00edos, en una labor conjunta entre la Asociaci\u00f3n Campo Limpio y el gobierno provincial.<\/p>\n\n\n\n<p>\u201cEl control para evitar el tr\u00e1fico ilegal de envases vac\u00edos de fitosanitarios supone un compromiso con la protecci\u00f3n de la salud de las personas y el cuidado del ambiente. Este hecho supone tambi\u00e9n un llamado de atenci\u00f3n severo, tanto para aquellos productores que no disponen correctamente los envases usados, como para quienes participan de acciones de comercializaci\u00f3n y traslado ilegales. Estas conductas deben cesar y la premisa es caer con todo el peso de la ley\u201d, se\u00f1al\u00f3 G\u00f3mez.<\/p>\n","protected":false},"excerpt":{"rendered":"<p>Se trata de m&aacute;s de 500 envases t&oacute;xicos que debieron ser trasladados al Centro de Almacenamiento Transitorio (CAT) de Crespo, uno de los ocho destinados para la disposici&oacute;n de este tipo de residuos. La Polic&iacute;a de Entre R&iacute;os intercept&oacute; este viernes un nuevo cargamento ilegal de envases vac&iacute;os de fitosanitarios en el puesto caminero del [&hellip;]<\/p>\n","protected":false},"author":2,"featured_media":2742,"comment_status":"open","ping_status":"open","sticky":false,"template":"","format":"standard","meta":{"footnotes":""},"categories":[3,8],"tags":[1324,1323,855],"class_list":["post-2728","post","type-post","status-publish","format-standard","has-post-thumbnail","hentry","category-locales","category-policiales","tag-agroquimicos","tag-envases","tag-tunel-subfluvial"],"_links":{"self":[{"href":"https:\/\/impactodenoticias.com.ar\/index.php?rest_route=\/wp\/v2\/posts\/2728","targetHints":{"allow":["GET"]}}],"collection":[{"href":"https:\/\/impactodenoticias.com.ar\/index.php?rest_route=\/wp\/v2\/posts"}],"about":[{"href":"https:\/\/impactodenoticias.com.ar\/index.php?rest_route=\/wp\/v2\/types\/post"}],"author":[{"embeddable":true,"href":"https:\/\/impactodenoticias.com.ar\/index.php?rest_route=\/wp\/v2\/users\/2"}],"replies":[{"embeddable":true,"href":"https:\/\/impactodenoticias.com.ar\/index.php?rest_route=%2Fwp%2Fv2%2Fcomments&post=2728"}],"version-history":[{"count":2,"href":"https:\/\/impactodenoticias.com.ar\/index.php?rest_route=\/wp\/v2\/posts\/2728\/revisions"}],"predecessor-version":[{"id":2731,"href":"https:\/\/impactodenoticias.com.ar\/index.php?rest_route=\/wp\/v2\/posts\/2728\/revisions\/2731"}],"wp:featuredmedia":[{"embeddable":true,"href":"https:\/\/impactodenoticias.com.ar\/index.php?rest_route=\/wp\/v2\/media\/2742"}],"wp:attachment":[{"href":"https:\/\/impactodenoticias.com.ar\/index.php?rest_route=%2Fwp%2Fv2%2Fmedia&parent=2728"}],"wp:term":[{"taxonomy":"category","embeddable":true,"href":"https:\/\/impactodenoticias.com.ar\/index.php?rest_route=%2Fwp%2Fv2%2Fcategories&post=2728"},{"taxonomy":"post_tag","embeddable":true,"href":"https:\/\/impactodenoticias.com.ar\/index.php?rest_route=%2Fwp%2Fv2%2Ftags&post=2728"}],"curies":[{"name":"wp","href":"https:\/\/api.w.org\/{rel}","templated":true}]}}