{"id":2747,"date":"2024-08-19T08:51:24","date_gmt":"2024-08-19T11:51:24","guid":{"rendered":"https:\/\/impactodenoticias.com.ar\/?p=2747"},"modified":"2024-08-19T08:51:24","modified_gmt":"2024-08-19T11:51:24","slug":"parana-y-el-area-metropolitana-arranco-sin-servicio-de-colectivos-este-lunes","status":"publish","type":"post","link":"https:\/\/impactodenoticias.com.ar\/?p=2747","title":{"rendered":"Paran\u00e1 y el \u00c1rea Metropolitana arranc\u00f3 sin servicio de colectivos este lunes"},"content":{"rendered":"\n<p><strong>UTA Entre R\u00edos contin\u00faa el paro de colectivos en Paran\u00e1 \u00abpor tiempo indeterminado\u00bb. No acataron la conciliaci\u00f3n obligatoria, desde el gremio manifiestan que aun no recibieron el pedido de conciliaci\u00f3n.<\/strong><\/p>\n\n\n\n<p>Se desarrolla este lunes 19 una nueva jornada sin servicio de colectivos en Paran\u00e1 y el \u00c1rea Metropolitana. La Uni\u00f3n Tranviarios Automotor -UTA- mantiene la medida de fuerza ante el reclamo salarial.<\/p>\n\n\n\n<p>La ma\u00f1ana del lunes, se inici\u00f3 sin transporte urbano de pasajeros y, por ahora, el gremio sigue sin acatar la conciliaci\u00f3n obligatoria dispuesta por la Secretar\u00eda de Trabajo de Entre R\u00edos, tras el pedido de Buses Paran\u00e1.<\/p>\n\n\n\n<p>El paro de colectivos en Paran\u00e1 rige desde la hora 18 del viernes, por tiempo indeterminado. Durante el d\u00eda, se definir\u00e1 si se levanta la medida o se mentiene. El gremio indic\u00f3 que hasta el momento no fueron notificados formalmente.<\/p>\n\n\n\n<p><strong>Qu\u00e9 dice la resoluci\u00f3n de conciliaci\u00f3n obligatoria<\/strong><\/p>\n\n\n\n<p><\/p>\n\n\n\n<div data-wp-interactive=\"core\/file\" class=\"wp-block-file\"><object data-wp-bind--hidden=\"!state.hasPdfPreview\" hidden class=\"wp-block-file__embed\" data=\"https:\/\/impactodenoticias.com.ar\/wp-content\/uploads\/2024\/08\/RES-CONC-OBL-_056483-1.pdf\" type=\"application\/pdf\" style=\"width:100%;height:600px\" aria-label=\"Incrustado de RES-CONC-OBL-_056483-1.\"><\/object><a id=\"wp-block-file--media-880f642e-7f9f-4fa6-869a-c054cba17572\" href=\"https:\/\/impactodenoticias.com.ar\/wp-content\/uploads\/2024\/08\/RES-CONC-OBL-_056483-1.pdf\">RES-CONC-OBL-_056483-1<\/a><a href=\"https:\/\/impactodenoticias.com.ar\/wp-content\/uploads\/2024\/08\/RES-CONC-OBL-_056483-1.pdf\" class=\"wp-block-file__button wp-element-button\" download aria-describedby=\"wp-block-file--media-880f642e-7f9f-4fa6-869a-c054cba17572\">Descarga<\/a><\/div>\n","protected":false},"excerpt":{"rendered":"<p>UTA Entre R&iacute;os contin&uacute;a el paro de colectivos en Paran&aacute; &laquo;por tiempo indeterminado&raquo;. No acataron la conciliaci&oacute;n obligatoria, desde el gremio manifiestan que aun no recibieron el pedido de conciliaci&oacute;n. Se desarrolla este lunes 19 una nueva jornada sin servicio de colectivos en Paran&aacute; y el &Aacute;rea Metropolitana. La Uni&oacute;n Tranviarios Automotor -UTA- mantiene la [&hellip;]<\/p>\n","protected":false},"author":2,"featured_media":2749,"comment_status":"open","ping_status":"open","sticky":false,"template":"","format":"standard","meta":{"footnotes":""},"categories":[91,3],"tags":[348,33,95,59,365],"class_list":["post-2747","post","type-post","status-publish","format-standard","has-post-thumbnail","hentry","category-gremiales","category-locales","tag-colectivos","tag-entre-rios","tag-parana","tag-paro","tag-uta"],"_links":{"self":[{"href":"https:\/\/impactodenoticias.com.ar\/index.php?rest_route=\/wp\/v2\/posts\/2747","targetHints":{"allow":["GET"]}}],"collection":[{"href":"https:\/\/impactodenoticias.com.ar\/index.php?rest_route=\/wp\/v2\/posts"}],"about":[{"href":"https:\/\/impactodenoticias.com.ar\/index.php?rest_route=\/wp\/v2\/types\/post"}],"author":[{"embeddable":true,"href":"https:\/\/impactodenoticias.com.ar\/index.php?rest_route=\/wp\/v2\/users\/2"}],"replies":[{"embeddable":true,"href":"https:\/\/impactodenoticias.com.ar\/index.php?rest_route=%2Fwp%2Fv2%2Fcomments&post=2747"}],"version-history":[{"count":1,"href":"https:\/\/impactodenoticias.com.ar\/index.php?rest_route=\/wp\/v2\/posts\/2747\/revisions"}],"predecessor-version":[{"id":2750,"href":"https:\/\/impactodenoticias.com.ar\/index.php?rest_route=\/wp\/v2\/posts\/2747\/revisions\/2750"}],"wp:featuredmedia":[{"embeddable":true,"href":"https:\/\/impactodenoticias.com.ar\/index.php?rest_route=\/wp\/v2\/media\/2749"}],"wp:attachment":[{"href":"https:\/\/impactodenoticias.com.ar\/index.php?rest_route=%2Fwp%2Fv2%2Fmedia&parent=2747"}],"wp:term":[{"taxonomy":"category","embeddable":true,"href":"https:\/\/impactodenoticias.com.ar\/index.php?rest_route=%2Fwp%2Fv2%2Fcategories&post=2747"},{"taxonomy":"post_tag","embeddable":true,"href":"https:\/\/impactodenoticias.com.ar\/index.php?rest_route=%2Fwp%2Fv2%2Ftags&post=2747"}],"curies":[{"name":"wp","href":"https:\/\/api.w.org\/{rel}","templated":true}]}}