{"id":2751,"date":"2024-08-19T08:58:25","date_gmt":"2024-08-19T11:58:25","guid":{"rendered":"https:\/\/impactodenoticias.com.ar\/?p=2751"},"modified":"2024-08-19T08:58:25","modified_gmt":"2024-08-19T11:58:25","slug":"horror-en-parana-encontraron-un-cuerpo-calcinado","status":"publish","type":"post","link":"https:\/\/impactodenoticias.com.ar\/?p=2751","title":{"rendered":"Horror en Paran\u00e1: encontraron un cuerpo calcinado"},"content":{"rendered":"\n<p><strong>Se encontr\u00f3 un cuerpo calcinado en una zona de pastizales, en inmediaciones de un lugar de pescadores en la ciudad de Paran\u00e1.<\/strong><\/p>\n\n\n\n<p>Se produjo un macabro hallazgo este domingo por la tarde en Paran\u00e1. Restos \u00f3seos de una persona fueron detectados en la zona del camino costero de Bajada Grande.<\/p>\n\n\n\n<p>Se trata de un cuerpo calcinado que fue encontrado por pescadores en la zona conocida como \u201cPunta del Mono\u201d. R\u00e1pidamente intervino el personal policial y judicial.<\/p>\n\n\n\n<p>El cuerpo apareci\u00f3 en una zona de pastizales, donde hab\u00eda distintos focos \u00edgneos. Trabaj\u00f3 en el lugar el personal de Criminal\u00edstica, encabezados por la fiscal Paola Farin\u00f3.<\/p>\n\n\n\n<p>Desde las fuerzas de seguridad junto a la Justicia avanzan en la investigaci\u00f3n para identificar a la persona fallecida, adem\u00e1s de determinar las causas del presunto homicidio.<\/p>\n\n\n\n<p>El cuerpo fue trasladado a la Morgue de Oro Verde para realizar la autopsia correspondiente.<\/p>\n\n\n\n<p>Noticia en desarrollo.<\/p>\n","protected":false},"excerpt":{"rendered":"<p>Se encontr&oacute; un cuerpo calcinado en una zona de pastizales, en inmediaciones de un lugar de pescadores en la ciudad de Paran&aacute;. Se produjo un macabro hallazgo este domingo por la tarde en Paran&aacute;. Restos &oacute;seos de una persona fueron detectados en la zona del camino costero de Bajada Grande. Se trata de un cuerpo [&hellip;]<\/p>\n","protected":false},"author":2,"featured_media":2752,"comment_status":"open","ping_status":"open","sticky":false,"template":"","format":"standard","meta":{"footnotes":""},"categories":[3,8],"tags":[656,1329,260,95],"class_list":["post-2751","post","type-post","status-publish","format-standard","has-post-thumbnail","hentry","category-locales","category-policiales","tag-bajada-grande","tag-calcinado","tag-cuerpo","tag-parana"],"_links":{"self":[{"href":"https:\/\/impactodenoticias.com.ar\/index.php?rest_route=\/wp\/v2\/posts\/2751","targetHints":{"allow":["GET"]}}],"collection":[{"href":"https:\/\/impactodenoticias.com.ar\/index.php?rest_route=\/wp\/v2\/posts"}],"about":[{"href":"https:\/\/impactodenoticias.com.ar\/index.php?rest_route=\/wp\/v2\/types\/post"}],"author":[{"embeddable":true,"href":"https:\/\/impactodenoticias.com.ar\/index.php?rest_route=\/wp\/v2\/users\/2"}],"replies":[{"embeddable":true,"href":"https:\/\/impactodenoticias.com.ar\/index.php?rest_route=%2Fwp%2Fv2%2Fcomments&post=2751"}],"version-history":[{"count":1,"href":"https:\/\/impactodenoticias.com.ar\/index.php?rest_route=\/wp\/v2\/posts\/2751\/revisions"}],"predecessor-version":[{"id":2753,"href":"https:\/\/impactodenoticias.com.ar\/index.php?rest_route=\/wp\/v2\/posts\/2751\/revisions\/2753"}],"wp:featuredmedia":[{"embeddable":true,"href":"https:\/\/impactodenoticias.com.ar\/index.php?rest_route=\/wp\/v2\/media\/2752"}],"wp:attachment":[{"href":"https:\/\/impactodenoticias.com.ar\/index.php?rest_route=%2Fwp%2Fv2%2Fmedia&parent=2751"}],"wp:term":[{"taxonomy":"category","embeddable":true,"href":"https:\/\/impactodenoticias.com.ar\/index.php?rest_route=%2Fwp%2Fv2%2Fcategories&post=2751"},{"taxonomy":"post_tag","embeddable":true,"href":"https:\/\/impactodenoticias.com.ar\/index.php?rest_route=%2Fwp%2Fv2%2Ftags&post=2751"}],"curies":[{"name":"wp","href":"https:\/\/api.w.org\/{rel}","templated":true}]}}