{"id":2771,"date":"2024-08-19T10:43:59","date_gmt":"2024-08-19T13:43:59","guid":{"rendered":"https:\/\/impactodenoticias.com.ar\/?p=2771"},"modified":"2024-08-19T10:44:00","modified_gmt":"2024-08-19T13:44:00","slug":"tras-la-decision-de-acatar-la-conciliacion-se-demora-el-regreso-de-los-colectivos-en-parana-por-diferencias-internas-en-uta","status":"publish","type":"post","link":"https:\/\/impactodenoticias.com.ar\/?p=2771","title":{"rendered":"Tras la decisi\u00f3n de acatar la conciliaci\u00f3n se demora el regreso de los colectivos en Paran\u00e1 por diferencias internas en UTA"},"content":{"rendered":"\n<p><strong>Se gener\u00f3 un conflicto interno en UTA delegaci\u00f3n Entre R\u00edos y se revirti\u00f3 la decisi\u00f3n de acatar la conciliaci\u00f3n. Contin\u00faan las negociaciones en el gremio.<\/strong><\/p>\n\n\n\n<p>La Uni\u00f3n Tranviarios Automotor \u2013UTA\u2013 Entre R\u00edos hab\u00eda decidido levantar el paro de colectivos este lunes por la ma\u00f1ana. Estaba previsto que entre las 10.30 y las 11.00 volvieran a circular los colectivos por el \u00c1rea Metropolitana de Paran\u00e1, sin embargo diferencias dentro del gremio dilatan la decisi\u00f3n.<\/p>\n\n\n\n<p>Seg\u00fan fuentes consultadas por <strong>IMPACTO DE NOTICIAS<\/strong>, luego de recibir el aviso formal, el gremio de transporte eval\u00faa acatar la conciliaci\u00f3n obligatoria, para lo cual se present\u00f3 el abogado de UTA a la Secretar\u00eda de Trabajo de Entre R\u00edos. Sin embargo, un conflicto interno podr\u00eda revertir la decisi\u00f3n.<\/p>\n\n\n\n<p>Se espera que vuelva el servicio durante el d\u00eda de hoy, aunque surgieron nuevas demoras debido a diferencias dentro del gremio. Un grupo de choferes se present\u00f3 en la sede de calle Yrigoyen para pedir explicaciones por las decisiones tomadas.<\/p>\n\n\n\n<p>Inicialmente se hab\u00eda informado que los colectivos saldr\u00edan de sus respectivas cabeceras a media ma\u00f1ana, pero con el correr de los minutos dieron marcha atr\u00e1s con la decisi\u00f3n. Esperan definiciones del gremio. Cabe recordar que desde el viernes a partir de las 18 no hay servicio de transporte urbano de pasajeros en Paran\u00e1 y \u00c1rea Metropolitana.<\/p>\n","protected":false},"excerpt":{"rendered":"<p>Se gener&oacute; un conflicto interno en UTA delegaci&oacute;n Entre R&iacute;os y se revirti&oacute; la decisi&oacute;n de acatar la conciliaci&oacute;n. Contin&uacute;an las negociaciones en el gremio. La Uni&oacute;n Tranviarios Automotor &ndash;UTA&ndash; Entre R&iacute;os hab&iacute;a decidido levantar el paro de colectivos este lunes por la ma&ntilde;ana. Estaba previsto que entre las 10.30 y las 11.00 volvieran a [&hellip;]<\/p>\n","protected":false},"author":2,"featured_media":2772,"comment_status":"open","ping_status":"open","sticky":false,"template":"","format":"standard","meta":{"footnotes":""},"categories":[91,3],"tags":[348,1338,1339,95,59,365],"class_list":["post-2771","post","type-post","status-publish","format-standard","has-post-thumbnail","hentry","category-gremiales","category-locales","tag-colectivos","tag-demora","tag-levantamiento","tag-parana","tag-paro","tag-uta"],"_links":{"self":[{"href":"https:\/\/impactodenoticias.com.ar\/index.php?rest_route=\/wp\/v2\/posts\/2771","targetHints":{"allow":["GET"]}}],"collection":[{"href":"https:\/\/impactodenoticias.com.ar\/index.php?rest_route=\/wp\/v2\/posts"}],"about":[{"href":"https:\/\/impactodenoticias.com.ar\/index.php?rest_route=\/wp\/v2\/types\/post"}],"author":[{"embeddable":true,"href":"https:\/\/impactodenoticias.com.ar\/index.php?rest_route=\/wp\/v2\/users\/2"}],"replies":[{"embeddable":true,"href":"https:\/\/impactodenoticias.com.ar\/index.php?rest_route=%2Fwp%2Fv2%2Fcomments&post=2771"}],"version-history":[{"count":1,"href":"https:\/\/impactodenoticias.com.ar\/index.php?rest_route=\/wp\/v2\/posts\/2771\/revisions"}],"predecessor-version":[{"id":2773,"href":"https:\/\/impactodenoticias.com.ar\/index.php?rest_route=\/wp\/v2\/posts\/2771\/revisions\/2773"}],"wp:featuredmedia":[{"embeddable":true,"href":"https:\/\/impactodenoticias.com.ar\/index.php?rest_route=\/wp\/v2\/media\/2772"}],"wp:attachment":[{"href":"https:\/\/impactodenoticias.com.ar\/index.php?rest_route=%2Fwp%2Fv2%2Fmedia&parent=2771"}],"wp:term":[{"taxonomy":"category","embeddable":true,"href":"https:\/\/impactodenoticias.com.ar\/index.php?rest_route=%2Fwp%2Fv2%2Fcategories&post=2771"},{"taxonomy":"post_tag","embeddable":true,"href":"https:\/\/impactodenoticias.com.ar\/index.php?rest_route=%2Fwp%2Fv2%2Ftags&post=2771"}],"curies":[{"name":"wp","href":"https:\/\/api.w.org\/{rel}","templated":true}]}}