{"id":2780,"date":"2024-08-19T11:28:28","date_gmt":"2024-08-19T14:28:28","guid":{"rendered":"https:\/\/impactodenoticias.com.ar\/?p=2780"},"modified":"2024-08-19T11:28:28","modified_gmt":"2024-08-19T14:28:28","slug":"a-traves-de-ministerio-con-vos-desarrollo-humano-llega-al-territorio-entrerriano","status":"publish","type":"post","link":"https:\/\/impactodenoticias.com.ar\/?p=2780","title":{"rendered":"A trav\u00e9s de Ministerio con Vos, Desarrollo Humano llega al territorio entrerriano"},"content":{"rendered":"\n<p><strong>En el marco del programa Ministerio con Vos, la titular de la cartera de Desarrollo Humano, Ver\u00f3nica Berisso, estuvo en Rosario del Tala, donde dialog\u00f3 con autoridades del departamento para conocer de primera mano la realidad de las diferentes comunidades e informar sobre las l\u00edneas de trabajo en materia social.<\/strong><\/p>\n\n\n\n<p>Durante la jornada, realizada en el Concejo Deliberante de la ciudad, la ministra Berisso, junto a su equipo de trabajo y acompa\u00f1ada por el intendente local, Juan Ram\u00f3n Medina, dio cuenta de las diferentes l\u00edneas que tiene la cartera de desarrollo humano ante las autoridades comunales del departamento Tala.<\/p>\n\n\n\n<p>En ese sentido, la funcionaria brind\u00f3 un panorama de los programas que impulsa el ministerio, de los ejes de la gesti\u00f3n, y de los objetivos de esta iniciativa.<\/p>\n\n\n\n<p>\u00abLa idea es facilitar todos los programas que tiene el Ministerio, que las autoridades los conozcan al detalle, que realmente se referencien con estas propuestas y sepan con qui\u00e9n tienen que hablar. Esto nos parece fundamental para apoyar las gestiones en sus propios lugares, ciudades y departamentos. Y, a la vez, con estos desembarcos tambi\u00e9n procuramos estar conectados ante cualquier emergencia o cuesti\u00f3n que pueda surgir en cada comunidad\u00bb, se\u00f1al\u00f3 la ministra.<\/p>\n\n\n\n<p>Finalmente, destac\u00f3: \u00abConsideramos esencial acompa\u00f1ar en este dif\u00edcil momento, tratar de estar cercanos con los gobiernos locales y detectar necesidades. Creemos que este es un trabajo de territorio muy importante y que no tenemos que dejar de hacer durante la gesti\u00f3n\u00bb.<\/p>\n\n\n\n<p>La propuesta Ministerio con Vos implica acercarse a las diferentes comunidades a fin de escuchar las realidades de cada regi\u00f3n y sus problem\u00e1ticas, para as\u00ed abordarlas de forma conjunta con los gobiernos locales, as\u00ed como facilitarles las gestiones y demandas.<\/p>\n\n\n\n<p>En esta oportunidad se hicieron presentes autoridades de Maci\u00e1, Gobernador Mansilla, Durazno, Gobernador Sola, Gobernador Echag\u00fce, Guardamonte, Arroyo Cl\u00e9, Altamirano Sud, La Ollita, Sauce Sud y Las Guachas (Sauce Norte).<\/p>\n","protected":false},"excerpt":{"rendered":"<p>En el marco del programa Ministerio con Vos, la titular de la cartera de Desarrollo Humano, Ver&oacute;nica Berisso, estuvo en Rosario del Tala, donde dialog&oacute; con autoridades del departamento para conocer de primera mano la realidad de las diferentes comunidades e informar sobre las l&iacute;neas de trabajo en materia social. Durante la jornada, realizada en [&hellip;]<\/p>\n","protected":false},"author":2,"featured_media":2781,"comment_status":"open","ping_status":"open","sticky":false,"template":"","format":"standard","meta":{"footnotes":""},"categories":[11,4],"tags":[1345,33,1346,1344,751],"class_list":["post-2780","post","type-post","status-publish","format-standard","has-post-thumbnail","hentry","category-politica","category-provinciales","tag-desarrollo-humano","tag-entre-rios","tag-juan-ramon-medina","tag-ministerio-con-vos","tag-veronica-berisso"],"_links":{"self":[{"href":"https:\/\/impactodenoticias.com.ar\/index.php?rest_route=\/wp\/v2\/posts\/2780","targetHints":{"allow":["GET"]}}],"collection":[{"href":"https:\/\/impactodenoticias.com.ar\/index.php?rest_route=\/wp\/v2\/posts"}],"about":[{"href":"https:\/\/impactodenoticias.com.ar\/index.php?rest_route=\/wp\/v2\/types\/post"}],"author":[{"embeddable":true,"href":"https:\/\/impactodenoticias.com.ar\/index.php?rest_route=\/wp\/v2\/users\/2"}],"replies":[{"embeddable":true,"href":"https:\/\/impactodenoticias.com.ar\/index.php?rest_route=%2Fwp%2Fv2%2Fcomments&post=2780"}],"version-history":[{"count":1,"href":"https:\/\/impactodenoticias.com.ar\/index.php?rest_route=\/wp\/v2\/posts\/2780\/revisions"}],"predecessor-version":[{"id":2782,"href":"https:\/\/impactodenoticias.com.ar\/index.php?rest_route=\/wp\/v2\/posts\/2780\/revisions\/2782"}],"wp:featuredmedia":[{"embeddable":true,"href":"https:\/\/impactodenoticias.com.ar\/index.php?rest_route=\/wp\/v2\/media\/2781"}],"wp:attachment":[{"href":"https:\/\/impactodenoticias.com.ar\/index.php?rest_route=%2Fwp%2Fv2%2Fmedia&parent=2780"}],"wp:term":[{"taxonomy":"category","embeddable":true,"href":"https:\/\/impactodenoticias.com.ar\/index.php?rest_route=%2Fwp%2Fv2%2Fcategories&post=2780"},{"taxonomy":"post_tag","embeddable":true,"href":"https:\/\/impactodenoticias.com.ar\/index.php?rest_route=%2Fwp%2Fv2%2Ftags&post=2780"}],"curies":[{"name":"wp","href":"https:\/\/api.w.org\/{rel}","templated":true}]}}