{"id":2807,"date":"2024-08-19T19:31:58","date_gmt":"2024-08-19T22:31:58","guid":{"rendered":"https:\/\/impactodenoticias.com.ar\/?p=2807"},"modified":"2024-08-19T19:31:59","modified_gmt":"2024-08-19T22:31:59","slug":"bahillo-y-piaggio-se-muestran-juntos-y-coinciden-en-que-es-necesario-comenzar-a-reactivar-al-partido-justicialista","status":"publish","type":"post","link":"https:\/\/impactodenoticias.com.ar\/?p=2807","title":{"rendered":"Bahillo y Piaggio se muestran juntos y coinciden en que es necesario comenzar a reactivar al Partido Justicialista"},"content":{"rendered":"\n<h3 class=\"wp-block-heading\">El actual diputado provincial, Juan Jos\u00e9 Bahillo, se reuni\u00f3 con el ex intendente de Gualeguaych\u00fa, Esteban Mart\u00edn Piaggio, y analizaron el contexto nacional, regional y local. Ambos convinieron en que es necesario generar una instancia de participaci\u00f3n entre los militantes del partido.<\/h3>\n\n\n\n<p>Juan Jos\u00e9 Bahillo, hizo referencia a la reuni\u00f3n que mantuvo con Piaggio y brind\u00f3 detalles del encuentro: \u00abCharlamos de pol\u00edtica, un poco de la realidad nacional, provincial y local. Hicimos algunas evaluaciones y coincidimos que ten\u00edamos que empezar a generar alg\u00fan tipo de participaci\u00f3n o de charla, primero con los compa\u00f1eros y compa\u00f1eras del peronismo.<\/p>\n\n\n\n<p>Por este motivo, este lunes vamos a arrancar con las reuniones quincenales en el partido, entendiendo que primero tenemos que hablar entre nosotros y tratar de ordenarnos para tratar de definir y consensuar algunos criterios, porque el a\u00f1o que viene vamos a tener que salir a hablarle a la sociedad. Hay que elaborar propuestas y alternativas para las legislativas del a\u00f1o que viene y empezar a reconstruir confianza con la sociedad que esto es un camino que hay que transitar y es muy arduo. Para eso el peronismo tiene que estar todo junto y entender estos nuevos tiempos, sin renegar de lo que hicimos, sin arrepentirnos lo que hicimos, pero entendiendo que lo que lo bueno que hicimos no nos alcanza. Si nosotros vamos a pretender volver con el discurso de lo bueno que hicimos, como la Asignaci\u00f3n Universal por Hijo, por ejemplo, nos equivocamos ac\u00e1 de ac\u00e1 la China\u00bb, se\u00f1al\u00f3.<\/p>\n\n\n\n<p>Bahillo aclar\u00f3 que no se habl\u00f3 de ninguna candidatura y que no mencionaron las diferencias que hay entre ambos: \u00abNunca estuvo en riesgo perder el v\u00ednculo con Mart\u00edn Piaggio, de ninguna manera\u00bb, apunt\u00f3.<\/p>\n\n\n\n<p>Tambi\u00e9n hizo un an\u00e1lisis de la gesti\u00f3n local y se\u00f1al\u00f3 que \u00abno veo los objetivos de trabajo que despu\u00e9s permiten evaluar por resultados, el grado de satisfacci\u00f3n o de cumplimiento. Es como una gesti\u00f3n municipal que la veo presente, pero en la diaria. No es una gesti\u00f3n ausente. No quiero caer la cr\u00edtica f\u00e1cil, pero no veo que haya trazado ejes de desarrollo\u00bb.<\/p>\n\n\n\n<p>Asimismo, el diputado Provincial manifest\u00f3 que \u00abel orden y la gesti\u00f3n est\u00e1n bien y son necesarios, pero no es suficiente y no alcanza. Una gesti\u00f3n no puede ser solamente alumbrado, barrido y limpieza. Eso es lo necesario, lo b\u00e1sico, para tener la confianza de la gente para plantear objetivos superadores. Cuando yo fui Intendente, un d\u00eda exitoso era cuando la mitad de la agenda era m\u00eda y la otra mitad de la comunidad. Vos no pod\u00e9s perder tu agenda, aunque hay d\u00edas en los que solo tengas que avocarte a atender la coyuntura\u00bb.<\/p>\n\n\n\n<p>Otro de los temas que abord\u00f3 el funcionario p\u00fablico, es el nuevo R\u00e9gimen de Incentivo a las Grandes Inversiones (RIGI). Al respecto, remarc\u00f3 que \u00abno vamos acompa\u00f1ar la adhesi\u00f3n provincial, no porque no estemos a favor de las grandes inversiones o de los reg\u00edmenes de incentivo a la inversi\u00f3n privado. Creo nuestro pa\u00eds necesita de inversiones externas que, apalancada con inversiones internas, desarrollen determinados sectores de nuestra econom\u00eda. Pero un r\u00e9gimen de inversiones tiene que tener una contrapartida de beneficios para la comunidad, para el Estado, para la Naci\u00f3n y para los argentinos y generar empleo. Ac\u00e1, con este RIGI, no hay obligaci\u00f3n de generar empleo y no aporta plata. Tampoco hay transferencia tecnolog\u00eda, ni mejora la capacidad instalada de nuestro pa\u00eds. Tampoco genera d\u00f3lares, ya que a partir del tercer a\u00f1o se pueden llevar el 100% de los d\u00f3lares que tanto necesita nuestro pa\u00eds. Entonces, no vamos a acompa\u00f1ar\u00bb, destac\u00f3.<\/p>\n\n\n\n<p>\u00abLos asesores nos dicen la no adhesi\u00f3n es m\u00e1s una gestualidad pol\u00edtica, ya que se trata de una Ley Nacional de orden p\u00fablico, lo cual se tiene que aplicar. Las provincias no lo pueden desconocerla. El \u00fanico en el que puede haber desentendimiento es en lo concerniente a los recursos naturales, ya que las provincias, por la Constituci\u00f3n de 1994, tienen la potestad sobre sus recursos naturales\u00bb, finaliz\u00f3.<\/p>\n","protected":false},"excerpt":{"rendered":"<p>El actual diputado provincial, Juan Jos&eacute; Bahillo, se reuni&oacute; con el ex intendente de Gualeguaych&uacute;, Esteban Mart&iacute;n Piaggio, y analizaron el contexto nacional, regional y local. Ambos convinieron en que es necesario generar una instancia de participaci&oacute;n entre los militantes del partido. Juan Jos&eacute; Bahillo, hizo referencia a la reuni&oacute;n que mantuvo con Piaggio y [&hellip;]<\/p>\n","protected":false},"author":2,"featured_media":2808,"comment_status":"open","ping_status":"open","sticky":false,"template":"","format":"standard","meta":{"footnotes":""},"categories":[11,4],"tags":[676,282],"class_list":["post-2807","post","type-post","status-publish","format-standard","has-post-thumbnail","hentry","category-politica","category-provinciales","tag-juan-jose-bahillo","tag-martin-piaggio"],"_links":{"self":[{"href":"https:\/\/impactodenoticias.com.ar\/index.php?rest_route=\/wp\/v2\/posts\/2807","targetHints":{"allow":["GET"]}}],"collection":[{"href":"https:\/\/impactodenoticias.com.ar\/index.php?rest_route=\/wp\/v2\/posts"}],"about":[{"href":"https:\/\/impactodenoticias.com.ar\/index.php?rest_route=\/wp\/v2\/types\/post"}],"author":[{"embeddable":true,"href":"https:\/\/impactodenoticias.com.ar\/index.php?rest_route=\/wp\/v2\/users\/2"}],"replies":[{"embeddable":true,"href":"https:\/\/impactodenoticias.com.ar\/index.php?rest_route=%2Fwp%2Fv2%2Fcomments&post=2807"}],"version-history":[{"count":1,"href":"https:\/\/impactodenoticias.com.ar\/index.php?rest_route=\/wp\/v2\/posts\/2807\/revisions"}],"predecessor-version":[{"id":2809,"href":"https:\/\/impactodenoticias.com.ar\/index.php?rest_route=\/wp\/v2\/posts\/2807\/revisions\/2809"}],"wp:featuredmedia":[{"embeddable":true,"href":"https:\/\/impactodenoticias.com.ar\/index.php?rest_route=\/wp\/v2\/media\/2808"}],"wp:attachment":[{"href":"https:\/\/impactodenoticias.com.ar\/index.php?rest_route=%2Fwp%2Fv2%2Fmedia&parent=2807"}],"wp:term":[{"taxonomy":"category","embeddable":true,"href":"https:\/\/impactodenoticias.com.ar\/index.php?rest_route=%2Fwp%2Fv2%2Fcategories&post=2807"},{"taxonomy":"post_tag","embeddable":true,"href":"https:\/\/impactodenoticias.com.ar\/index.php?rest_route=%2Fwp%2Fv2%2Ftags&post=2807"}],"curies":[{"name":"wp","href":"https:\/\/api.w.org\/{rel}","templated":true}]}}