{"id":2810,"date":"2024-08-19T19:38:38","date_gmt":"2024-08-19T22:38:38","guid":{"rendered":"https:\/\/impactodenoticias.com.ar\/?p=2810"},"modified":"2024-08-19T19:38:38","modified_gmt":"2024-08-19T22:38:38","slug":"gestionan-obras-y-mejoras-para-el-departamento-concordia","status":"publish","type":"post","link":"https:\/\/impactodenoticias.com.ar\/?p=2810","title":{"rendered":"Gestionan obras y mejoras para el departamento Concordia"},"content":{"rendered":"\n<p><strong>El ministro de Gobierno y Trabajo, Manuel Troncoso visit\u00f3 la junta de gobierno de Estaci\u00f3n Yuquer\u00ed, donde mantuvo un encuentro con autoridades y vecinos. All\u00ed tom\u00f3 nota de las necesidades y demandas para gestionar soluciones.<\/strong><\/p>\n\n\n\n<p>Continuando con la implementaci\u00f3n de la ventanilla \u00fanica, modalidad a trav\u00e9s de la cual el gobierno canaliza las demandas de los gobiernos locales, Troncoso se reuni\u00f3 con autoridades de la Junta de Gobierno de Estaci\u00f3n Yuquer\u00ed.<\/p>\n\n\n\n<p>\u00abEstamos recorriendo la provincia en todos sus rincones, como nos pide el gobernador Rogelio Frigerio, atendiendo sus necesidades y gestionando soluciones. Puntualmente hoy en Yuquer\u00ed, una comunidad muy armoniosa con mucho empuje, con mucha atracci\u00f3n motor para el departamento de Concordia\u00bb, indic\u00f3 el ministro y agreg\u00f3: \u00abEn las peque\u00f1as localidades, mejorar un camino, hacer un cord\u00f3n cuneta, o adquirir herramientas y peque\u00f1as maquinarias, representa much\u00edsimo\u00bb.<\/p>\n\n\n\n<p>Por su parte, el presidente de la Junta de Gobierno de Estaci\u00f3n Yuquer\u00ed, Pedro Val\u00edn, expres\u00f3 que \u00aben estos meses de gesti\u00f3n hemos logrado muchas cosas. Desde el mejoramiento de nuestros caminos con Vialidad, como la gesti\u00f3n en temas de salud, seguridad y tambi\u00e9n el autom\u00f3vil que recibimos para la comuna que antes era de uso personal de los funcionarios provinciales\u00bb.<\/p>\n\n\n\n<p>En la recorrida Troncoso fue acompa\u00f1ado por la senadora Cielo Espejo y por el diputado Marcelo Lopez y autoridades departamentales y locales.<\/p>\n","protected":false},"excerpt":{"rendered":"<p>El ministro de Gobierno y Trabajo, Manuel Troncoso visit&oacute; la junta de gobierno de Estaci&oacute;n Yuquer&iacute;, donde mantuvo un encuentro con autoridades y vecinos. All&iacute; tom&oacute; nota de las necesidades y demandas para gestionar soluciones. Continuando con la implementaci&oacute;n de la ventanilla &uacute;nica, modalidad a trav&eacute;s de la cual el gobierno canaliza las demandas de [&hellip;]<\/p>\n","protected":false},"author":2,"featured_media":2811,"comment_status":"open","ping_status":"open","sticky":false,"template":"","format":"standard","meta":{"footnotes":""},"categories":[11,4],"tags":[72,33,332,716,39],"class_list":["post-2810","post","type-post","status-publish","format-standard","has-post-thumbnail","hentry","category-politica","category-provinciales","tag-concordia","tag-entre-rios","tag-manuel-troncoso","tag-obras","tag-rogelio-frigerio"],"_links":{"self":[{"href":"https:\/\/impactodenoticias.com.ar\/index.php?rest_route=\/wp\/v2\/posts\/2810","targetHints":{"allow":["GET"]}}],"collection":[{"href":"https:\/\/impactodenoticias.com.ar\/index.php?rest_route=\/wp\/v2\/posts"}],"about":[{"href":"https:\/\/impactodenoticias.com.ar\/index.php?rest_route=\/wp\/v2\/types\/post"}],"author":[{"embeddable":true,"href":"https:\/\/impactodenoticias.com.ar\/index.php?rest_route=\/wp\/v2\/users\/2"}],"replies":[{"embeddable":true,"href":"https:\/\/impactodenoticias.com.ar\/index.php?rest_route=%2Fwp%2Fv2%2Fcomments&post=2810"}],"version-history":[{"count":1,"href":"https:\/\/impactodenoticias.com.ar\/index.php?rest_route=\/wp\/v2\/posts\/2810\/revisions"}],"predecessor-version":[{"id":2812,"href":"https:\/\/impactodenoticias.com.ar\/index.php?rest_route=\/wp\/v2\/posts\/2810\/revisions\/2812"}],"wp:featuredmedia":[{"embeddable":true,"href":"https:\/\/impactodenoticias.com.ar\/index.php?rest_route=\/wp\/v2\/media\/2811"}],"wp:attachment":[{"href":"https:\/\/impactodenoticias.com.ar\/index.php?rest_route=%2Fwp%2Fv2%2Fmedia&parent=2810"}],"wp:term":[{"taxonomy":"category","embeddable":true,"href":"https:\/\/impactodenoticias.com.ar\/index.php?rest_route=%2Fwp%2Fv2%2Fcategories&post=2810"},{"taxonomy":"post_tag","embeddable":true,"href":"https:\/\/impactodenoticias.com.ar\/index.php?rest_route=%2Fwp%2Fv2%2Ftags&post=2810"}],"curies":[{"name":"wp","href":"https:\/\/api.w.org\/{rel}","templated":true}]}}