{"id":2813,"date":"2024-08-19T21:04:10","date_gmt":"2024-08-20T00:04:10","guid":{"rendered":"https:\/\/impactodenoticias.com.ar\/?p=2813"},"modified":"2024-08-19T21:04:16","modified_gmt":"2024-08-20T00:04:16","slug":"a-partir-de-este-martes-se-incrementa-el-valor-del-boleto-de-colectivo-en-concordia","status":"publish","type":"post","link":"https:\/\/impactodenoticias.com.ar\/?p=2813","title":{"rendered":"A partir de este martes se incrementa el valor del boleto de colectivo en Concordia"},"content":{"rendered":"\n<p><strong>El nuevo cuadro tarifario entrar\u00e1 en vigencia a la cero hora de este martes. Los nuevos valores.<\/strong><\/p>\n\n\n\n<p>Este martes 20 de agosto regir\u00e1 el nuevo cuadro tarifario de los colectivos de Concordia. Los valores fueron acordados en una ordenanza que se aprob\u00f3 el 1 de agosto, tras reiteraros pedidos de las c\u00e1maras empresariales, que solicitaban una actualizaci\u00f3n del ticket.<\/p>\n\n\n\n<p>En la oportunidad, no solo se propuso una actualizaci\u00f3n del precio del boleto, sino que tambi\u00e9n se derogo la Ordenanza N\u00b0 38.326, que reg\u00eda el valor hasta ahora. En este contexto, se facult\u00f3 para que, de ahora en m\u00e1s, sea el Poder Ejecutivo el que cuatrimestralmente actualice las tarifas.<\/p>\n\n\n\n<p><strong>El nuevo cuadro tarifario<\/strong><\/p>\n\n\n\n<ul class=\"wp-block-list\">\n<li>1\u00b0 Secci\u00f3n \/ Tarifa plana: $780.-<\/li>\n\n\n\n<li>2\u00b0 Secci\u00f3n (Que incluye el sector de Villa Adela, fija su valor de acuerdo a tarifa plana + el 20 por ciento): $936.-<\/li>\n\n\n\n<li>3\u00b0 Secci\u00f3n (Que incluye los sectores de Magnasco, Termas Vertientes de la Concordia, Benito Leger\u00e9n y Estaci\u00f3n Yuquer\u00ed, fija su valor de acuerdo a la tarifa plana + el 40 por ciento): $1.092.-<\/li>\n\n\n\n<li>4\u00b0 Secci\u00f3n (Que incluye el sector del Lago de Salto Grande y las termas del Ayu\u00ed, fija su valor de acuerdo a la tarifa plana + el 100 por ciento): $1560.-<\/li>\n\n\n\n<li>Nocturno (Tarifa plana + el 40 por ciento): $1.092.-<\/li>\n<\/ul>\n\n\n\n<p><strong>Boleto Integrado<\/strong><\/p>\n\n\n\n<p>1\u00b0 Pasaje (Tarifa plana): $780,00<br>2\u00b0 Pasaje dentro de la misma secci\u00f3n (100% descuento)<\/p>\n\n\n\n<p>Menores de 3 a\u00f1os, discapacitados y certificados INCUCAI podr\u00e1n viajar sin costo.<\/p>\n\n\n\n<p>Boleto escolar: $312<\/p>\n\n\n\n<p>Boletos secundario\/universitario: $390,00.<\/p>\n","protected":false},"excerpt":{"rendered":"<p>El nuevo cuadro tarifario entrar&aacute; en vigencia a la cero hora de este martes. Los nuevos valores. Este martes 20 de agosto regir&aacute; el nuevo cuadro tarifario de los colectivos de Concordia. Los valores fueron acordados en una ordenanza que se aprob&oacute; el 1 de agosto, tras reiteraros pedidos de las c&aacute;maras empresariales, que solicitaban [&hellip;]<\/p>\n","protected":false},"author":2,"featured_media":2815,"comment_status":"open","ping_status":"open","sticky":false,"template":"","format":"standard","meta":{"footnotes":""},"categories":[4,49],"tags":[57,1357,482,72],"class_list":["post-2813","post","type-post","status-publish","format-standard","has-post-thumbnail","hentry","category-provinciales","category-sociedad","tag-aumento","tag-boleto","tag-colectivo","tag-concordia"],"_links":{"self":[{"href":"https:\/\/impactodenoticias.com.ar\/index.php?rest_route=\/wp\/v2\/posts\/2813","targetHints":{"allow":["GET"]}}],"collection":[{"href":"https:\/\/impactodenoticias.com.ar\/index.php?rest_route=\/wp\/v2\/posts"}],"about":[{"href":"https:\/\/impactodenoticias.com.ar\/index.php?rest_route=\/wp\/v2\/types\/post"}],"author":[{"embeddable":true,"href":"https:\/\/impactodenoticias.com.ar\/index.php?rest_route=\/wp\/v2\/users\/2"}],"replies":[{"embeddable":true,"href":"https:\/\/impactodenoticias.com.ar\/index.php?rest_route=%2Fwp%2Fv2%2Fcomments&post=2813"}],"version-history":[{"count":1,"href":"https:\/\/impactodenoticias.com.ar\/index.php?rest_route=\/wp\/v2\/posts\/2813\/revisions"}],"predecessor-version":[{"id":2816,"href":"https:\/\/impactodenoticias.com.ar\/index.php?rest_route=\/wp\/v2\/posts\/2813\/revisions\/2816"}],"wp:featuredmedia":[{"embeddable":true,"href":"https:\/\/impactodenoticias.com.ar\/index.php?rest_route=\/wp\/v2\/media\/2815"}],"wp:attachment":[{"href":"https:\/\/impactodenoticias.com.ar\/index.php?rest_route=%2Fwp%2Fv2%2Fmedia&parent=2813"}],"wp:term":[{"taxonomy":"category","embeddable":true,"href":"https:\/\/impactodenoticias.com.ar\/index.php?rest_route=%2Fwp%2Fv2%2Fcategories&post=2813"},{"taxonomy":"post_tag","embeddable":true,"href":"https:\/\/impactodenoticias.com.ar\/index.php?rest_route=%2Fwp%2Fv2%2Ftags&post=2813"}],"curies":[{"name":"wp","href":"https:\/\/api.w.org\/{rel}","templated":true}]}}