{"id":2893,"date":"2024-08-21T08:52:56","date_gmt":"2024-08-21T11:52:56","guid":{"rendered":"https:\/\/impactodenoticias.com.ar\/?p=2893"},"modified":"2024-08-21T08:52:57","modified_gmt":"2024-08-21T11:52:57","slug":"clima-en-entre-rios-luego-de-las-lluvias-y-tormentas-se-espera-buen-tiempo-y-frio","status":"publish","type":"post","link":"https:\/\/impactodenoticias.com.ar\/?p=2893","title":{"rendered":"Clima en Entre R\u00edos: luego de las lluvias y tormentas, se espera buen tiempo y fr\u00edo"},"content":{"rendered":"\n<h3 class=\"wp-block-heading\">Este mi\u00e9rcoles el clima continuar\u00e1 inestable, y con alerta por tormentas. A partir del jueves mejora el tiempo, pero vuelve el fr\u00edo a Entre R\u00edos.<\/h3>\n\n\n\n<p>El Servicio Meteorol\u00f3gico Nacional \u2013SMN\u2013 informa que este mi\u00e9rcoles 21 de agosto continuar\u00e1 muy inestable en el territorio de la provincia. Se esperan lluvias y tormentas, con alerta para horas de la ma\u00f1ana y la tarde.<\/p>\n\n\n\n<p>Seg\u00fan el informe en el pron\u00f3stico oficial, para la noche de hoy se ir\u00e1n disipando las lluvias y lloviznas. Con el correr de las horas ir\u00e1 mejorando el tiempo y no se esperan precipitaciones para el jueves.<\/p>\n\n\n\n<p>Desde este jueves mejoran las condiciones. No obstante, el cielo se presentar\u00e1 nublado, pero las nubes se ir\u00e1n disipando de a poco. Esta situaci\u00f3n se debe a la llegada del viento sur, con r\u00e1fagas de hasta 50 Km\/h, que limpiar\u00e1 el cielo.<\/p>\n\n\n\n<p>El viernes ser\u00e1 el d\u00eda m\u00e1s fr\u00edo de la semana, si bien se espera que durante el fin de semana se registren temperaturas muy bajas en la provincia, se\u00f1ala el SMN.<\/p>\n\n\n\n<p>En Paran\u00e1, La Paz, Diamante, Nogoy\u00e1 y Villaguay pronostican que el viernes ser\u00e1 el d\u00eda m\u00e1s fr\u00edo de la semana. Se pronostican 2 grados de m\u00ednima y 17 grados de m\u00e1xima. S\u00e1bado y domingo oscilar\u00e1 entre 3 y 5 grados de m\u00ednima.<\/p>\n\n\n\n<p>Mientras que en Concordia, Federal, Federaci\u00f3n, Feliciano y San Salvador se aguardan 3 grados de m\u00ednima el viernes y tambi\u00e9n el mismo registro para el domingo. Las m\u00e1ximas se ubicar\u00e1n entre los 14 y 17 grados.<\/p>\n\n\n\n<p>Por su parte en Gualeguaych\u00fa, Uruguay, Tala, Col\u00f3n e Islas del Ibicuy se esperan 2 grados de m\u00ednima el viernes y tambi\u00e9n el domingo. Las temperaturas m\u00e1ximas oscilar\u00e1n entre los 13 y 16 grados.<\/p>\n\n\n\n<p>En Victoria y Gualeguay se pronostican 2 grados de m\u00ednima el viernes y el domingo, mientras que el s\u00e1bado har\u00edan 3 grados. Las m\u00e1ximas ser\u00e1n de entre 13 y 17 grados durante el fin de semana.<\/p>\n\n\n\n<p><\/p>\n\n\n\n<p><strong>Clima en las principales ciudades entrerrianas<\/strong><\/p>\n\n\n\n<p><\/p>\n\n\n\n<figure class=\"wp-block-image size-full\"><img loading=\"lazy\" decoding=\"async\" width=\"679\" height=\"543\" src=\"https:\/\/impactodenoticias.com.ar\/wp-content\/uploads\/2024\/08\/scrnli_21_8_2024_8-50-28.png\" alt=\"\" class=\"wp-image-2894\" srcset=\"https:\/\/impactodenoticias.com.ar\/wp-content\/uploads\/2024\/08\/scrnli_21_8_2024_8-50-28.png 679w, https:\/\/impactodenoticias.com.ar\/wp-content\/uploads\/2024\/08\/scrnli_21_8_2024_8-50-28-300x240.png 300w\" sizes=\"auto, (max-width: 679px) 100vw, 679px\" \/><\/figure>\n","protected":false},"excerpt":{"rendered":"<p>Este mi&eacute;rcoles el clima continuar&aacute; inestable, y con alerta por tormentas. A partir del jueves mejora el tiempo, pero vuelve el fr&iacute;o a Entre R&iacute;os. El Servicio Meteorol&oacute;gico Nacional &ndash;SMN&ndash; informa que este mi&eacute;rcoles 21 de agosto continuar&aacute; muy inestable en el territorio de la provincia. Se esperan lluvias y tormentas, con alerta para horas [&hellip;]<\/p>\n","protected":false},"author":2,"featured_media":2895,"comment_status":"open","ping_status":"open","sticky":false,"template":"","format":"standard","meta":{"footnotes":""},"categories":[4,49],"tags":[38,33],"class_list":["post-2893","post","type-post","status-publish","format-standard","has-post-thumbnail","hentry","category-provinciales","category-sociedad","tag-clima","tag-entre-rios"],"_links":{"self":[{"href":"https:\/\/impactodenoticias.com.ar\/index.php?rest_route=\/wp\/v2\/posts\/2893","targetHints":{"allow":["GET"]}}],"collection":[{"href":"https:\/\/impactodenoticias.com.ar\/index.php?rest_route=\/wp\/v2\/posts"}],"about":[{"href":"https:\/\/impactodenoticias.com.ar\/index.php?rest_route=\/wp\/v2\/types\/post"}],"author":[{"embeddable":true,"href":"https:\/\/impactodenoticias.com.ar\/index.php?rest_route=\/wp\/v2\/users\/2"}],"replies":[{"embeddable":true,"href":"https:\/\/impactodenoticias.com.ar\/index.php?rest_route=%2Fwp%2Fv2%2Fcomments&post=2893"}],"version-history":[{"count":1,"href":"https:\/\/impactodenoticias.com.ar\/index.php?rest_route=\/wp\/v2\/posts\/2893\/revisions"}],"predecessor-version":[{"id":2896,"href":"https:\/\/impactodenoticias.com.ar\/index.php?rest_route=\/wp\/v2\/posts\/2893\/revisions\/2896"}],"wp:featuredmedia":[{"embeddable":true,"href":"https:\/\/impactodenoticias.com.ar\/index.php?rest_route=\/wp\/v2\/media\/2895"}],"wp:attachment":[{"href":"https:\/\/impactodenoticias.com.ar\/index.php?rest_route=%2Fwp%2Fv2%2Fmedia&parent=2893"}],"wp:term":[{"taxonomy":"category","embeddable":true,"href":"https:\/\/impactodenoticias.com.ar\/index.php?rest_route=%2Fwp%2Fv2%2Fcategories&post=2893"},{"taxonomy":"post_tag","embeddable":true,"href":"https:\/\/impactodenoticias.com.ar\/index.php?rest_route=%2Fwp%2Fv2%2Ftags&post=2893"}],"curies":[{"name":"wp","href":"https:\/\/api.w.org\/{rel}","templated":true}]}}